{"id":27472,"date":"2019-04-30T18:11:39","date_gmt":"2019-04-30T21:11:39","guid":{"rendered":"https:\/\/informateesquina.com\/?p=27472"},"modified":"2019-04-30T18:11:39","modified_gmt":"2019-04-30T21:11:39","slug":"diogenes-gonzalez-fue-designado-nuevo-ministro-de-desarrollo-humano","status":"publish","type":"post","link":"http:\/\/informateesquina.com\/?p=27472","title":{"rendered":"Di\u00f3genes Gonz\u00e1lez fue designado nuevo ministro de Desarrollo Humano"},"content":{"rendered":"<p>El dirigente radical viene a reemplazar al mercede\u00f1o Federico Mouli\u00e1. Cabe destacar que adem\u00e1s Gonz\u00e1lez es candidato a senador provincial en la lista de Eco.<\/p>\n<p>&nbsp;<\/p>\n","protected":false},"excerpt":{"rendered":"<p>El dirigente radical viene a reemplazar al mercede\u00f1o Federico Mouli\u00e1. Cabe destacar que adem\u00e1s Gonz\u00e1lez es candidato a senador provincial en la lista de Eco. &nbsp;<\/p>\n","protected":false},"author":1,"featured_media":27473,"comment_status":"closed","ping_status":"closed","sticky":false,"template":"","format":"standard","meta":{"footnotes":""},"categories":[9],"tags":[],"class_list":["post-27472","post","type-post","status-publish","format-standard","has-post-thumbnail","hentry","category-politica"],"_links":{"self":[{"href":"http:\/\/informateesquina.com\/index.php?rest_route=\/wp\/v2\/posts\/27472","targetHints":{"allow":["GET"]}}],"collection":[{"href":"http:\/\/informateesquina.com\/index.php?rest_route=\/wp\/v2\/posts"}],"about":[{"href":"http:\/\/informateesquina.com\/index.php?rest_route=\/wp\/v2\/types\/post"}],"author":[{"embeddable":true,"href":"http:\/\/informateesquina.com\/index.php?rest_route=\/wp\/v2\/users\/1"}],"replies":[{"embeddable":true,"href":"http:\/\/informateesquina.com\/index.php?rest_route=%2Fwp%2Fv2%2Fcomments&post=27472"}],"version-history":[{"count":0,"href":"http:\/\/informateesquina.com\/index.php?rest_route=\/wp\/v2\/posts\/27472\/revisions"}],"wp:featuredmedia":[{"embeddable":true,"href":"http:\/\/informateesquina.com\/index.php?rest_route=\/wp\/v2\/media\/27473"}],"wp:attachment":[{"href":"http:\/\/informateesquina.com\/index.php?rest_route=%2Fwp%2Fv2%2Fmedia&parent=27472"}],"wp:term":[{"taxonomy":"category","embeddable":true,"href":"http:\/\/informateesquina.com\/index.php?rest_route=%2Fwp%2Fv2%2Fcategories&post=27472"},{"taxonomy":"post_tag","embeddable":true,"href":"http:\/\/informateesquina.com\/index.php?rest_route=%2Fwp%2Fv2%2Ftags&post=27472"}],"curies":[{"name":"wp","href":"https:\/\/api.w.org\/{rel}","templated":true}]}}