{"id":27477,"date":"2019-05-01T09:33:23","date_gmt":"2019-05-01T12:33:23","guid":{"rendered":"https:\/\/informateesquina.com\/?p=27477"},"modified":"2019-05-01T09:33:23","modified_gmt":"2019-05-01T12:33:23","slug":"por-que-se-celebra-el-dia-del-trabajador-el-1-de-mayo","status":"publish","type":"post","link":"http:\/\/informateesquina.com\/?p=27477","title":{"rendered":"Por qu\u00e9 se celebra el D\u00eda del Trabajador el 1\u00b0 de mayo"},"content":{"rendered":"<p>Hoy se conmemora el D\u00eda Internacional de los Trabajadores en homenaje a los llamados M\u00e1rtires de Chicago. Su historia y el origen del movimiento obrero organizado.<\/p>\n<p>El\u00a0lema era: &#8220;Ocho horas para el trabajo, ocho para el sue\u00f1o y ocho para la casa&#8221;. Pero nada de eso ocurr\u00eda a fines del siglo XIX.<\/p>\n<p>Por entonces los empleados en los Estados Unidos ten\u00edan que cumplir agotadoras jornadas de 12, 16 y hasta 18 horas. La \u00fanica limitaci\u00f3n que hab\u00eda en algunos Estados era la prohibici\u00f3n de que una persona trabajara 18 horas seguidas sin una causa justificada. La multa por obligar al empleado a esa jornada era de 25 d\u00f3lares.<\/p>\n<p>El D\u00eda Internacional del Trabajador conmemora el 1\u00ba de mayo de 1886, fecha que marc\u00f3 un antes y un despu\u00e9s en la historia del movimiento obrero organizado. Aquel d\u00eda comenz\u00f3 una huelga en reclamo de la jornada de 8 horas que se extendi\u00f3 hasta el 4 de ese mes, cuando se produjo la Revuelta de Haymarket que termin\u00f3 con la ejecuci\u00f3n de un grupo de sindicalistas anarquistas, bautizados posteriormente como los M\u00e1rtires de Chicago.<\/p>\n<p>Los reclamos obreros no eran nuevos. A fines del siglo XVIII, los trabajadores se hab\u00edan manifestado frente a las tremendas condiciones laborales que trajo la Revoluci\u00f3n Industrial en Gran Breta\u00f1a.<\/p>\n<p>En 1868, el presidente estadounidense Andrew Johnson hab\u00eda establecido por ley la reducci\u00f3n de la jornada laboral a 8 horas, tras d\u00e9cadas de reclamos de los trabajadores, con cl\u00e1usulas que permit\u00edan que esas horas se extendieran.<\/p>\n<p>No obstante, el acatamiento por parte de los empresarios a la ley llamada Ingersoll no fue inmediato y gener\u00f3 mucha resistencia.<\/p>\n<p>Los trabajadores no ten\u00edan reglas claras y sus derechos se ve\u00edan vulnerados. En ese contexto, el 1 de mayo de 1886 se inici\u00f3 en Chicago, epicentro industrial de Estados Unidos, una huelga que se termin\u00f3 expandiendo al resto del pa\u00eds.<\/p>\n<p>Comenzaron manifest\u00e1ndose de 80.000 trabajadores. Y la cifra aument\u00f3 cuando casi medio mill\u00f3n de obreros se unieron al paro en 5000 huelgas en todo el pa\u00eds.<\/p>\n<p>Tras varios episodios de represi\u00f3n policial contra los huelguistas, donde incluso hubo muertos, se convoc\u00f3 a una manifestaci\u00f3n en Haymarket Square. All\u00ed una persona que nunca fue identificada arroj\u00f3 una bomba incendiaria contra las fuerzas policiales que mat\u00f3 a 7 polic\u00edas e hiri\u00f3 a 60 uniformados. Las fuerzas de seguridad reprimieron con disparos, dejando un saldo de muertos y heridos entre los trabajadores. Aquella jornada pas\u00f3 a la historia como la &#8220;Revuelta (o Masacre) de Haymarket&#8221;.<\/p>\n<p>Por los graves acontecimientos, 31 personas fueron enjuiciado por el hecho, el 21 de junio de 1886. Ocho de ellos fueron condenados, dos de ellos a cadena perpetua, uno a 15 a\u00f1os de trabajos forzados y cinco a la muerte en la horca. El proceso estuvo plagado de irregularidades y no se respetaron las garant\u00edas de los acusados. La culpabilidad de los condenados nunca fue realmente probada.<\/p>\n<p>Un a\u00f1o m\u00e1s tarde, en Illinos, se reconoci\u00f3 que el juicio no hab\u00eda respetado el derecho de los acusados y el gobernador perdon\u00f3 a los sindicalistas que estaban detenidos.<\/p>\n<p>Fue en Par\u00eds en 1889, durante un congreso de la Segunda Internacional (asociaci\u00f3n de partidos socialistas, laboristas y anarquistas de todo el mundo), que se estableci\u00f3 el 1 de Mayo como D\u00eda del Trabajador para conmemorar a los M\u00e1rtires de Chicago.<\/p>\n<p>Sin embargo, en los Estados Unidos y en Canad\u00e1 celebran el Labor Day (D\u00eda del Trabajo) el primer lunes de septiembre. El origen fue un desfile realizado el 5 de septiembre de 1882, en Nueva York, organizado por la Noble Orden de los Caballeros del Trabajo. La celebraci\u00f3n nunca cambi\u00f3 al 1\u00b0 de mayo porque el presidente norteamericano Grover Cleveland temi\u00f3 que el d\u00eda festivo reforzara el movimiento socialista en los Estados Unidos.<\/p>\n","protected":false},"excerpt":{"rendered":"<p>Hoy se conmemora el D\u00eda Internacional de los Trabajadores en homenaje a los llamados M\u00e1rtires de Chicago. Su historia y el origen del movimiento obrero organizado. El\u00a0lema era: &#8220;Ocho horas para el trabajo, ocho para el sue\u00f1o y ocho para la casa&#8221;. Pero nada de eso ocurr\u00eda a fines del siglo XIX. Por entonces los [&hellip;]<\/p>\n","protected":false},"author":1,"featured_media":27478,"comment_status":"closed","ping_status":"closed","sticky":false,"template":"","format":"standard","meta":{"footnotes":""},"categories":[7],"tags":[],"class_list":["post-27477","post","type-post","status-publish","format-standard","has-post-thumbnail","hentry","category-nacionales"],"_links":{"self":[{"href":"http:\/\/informateesquina.com\/index.php?rest_route=\/wp\/v2\/posts\/27477","targetHints":{"allow":["GET"]}}],"collection":[{"href":"http:\/\/informateesquina.com\/index.php?rest_route=\/wp\/v2\/posts"}],"about":[{"href":"http:\/\/informateesquina.com\/index.php?rest_route=\/wp\/v2\/types\/post"}],"author":[{"embeddable":true,"href":"http:\/\/informateesquina.com\/index.php?rest_route=\/wp\/v2\/users\/1"}],"replies":[{"embeddable":true,"href":"http:\/\/informateesquina.com\/index.php?rest_route=%2Fwp%2Fv2%2Fcomments&post=27477"}],"version-history":[{"count":0,"href":"http:\/\/informateesquina.com\/index.php?rest_route=\/wp\/v2\/posts\/27477\/revisions"}],"wp:featuredmedia":[{"embeddable":true,"href":"http:\/\/informateesquina.com\/index.php?rest_route=\/wp\/v2\/media\/27478"}],"wp:attachment":[{"href":"http:\/\/informateesquina.com\/index.php?rest_route=%2Fwp%2Fv2%2Fmedia&parent=27477"}],"wp:term":[{"taxonomy":"category","embeddable":true,"href":"http:\/\/informateesquina.com\/index.php?rest_route=%2Fwp%2Fv2%2Fcategories&post=27477"},{"taxonomy":"post_tag","embeddable":true,"href":"http:\/\/informateesquina.com\/index.php?rest_route=%2Fwp%2Fv2%2Ftags&post=27477"}],"curies":[{"name":"wp","href":"https:\/\/api.w.org\/{rel}","templated":true}]}}