{"id":27551,"date":"2019-05-06T17:33:06","date_gmt":"2019-05-06T20:33:06","guid":{"rendered":"https:\/\/informateesquina.com\/?p=27551"},"modified":"2019-05-06T17:33:06","modified_gmt":"2019-05-06T20:33:06","slug":"manana-arranca-el-pago-del-plus-de-1-000-para-empleados-estatales","status":"publish","type":"post","link":"http:\/\/informateesquina.com\/?p=27551","title":{"rendered":"Ma\u00f1ana arranca el pago del plus de $1.000 para empleados estatales"},"content":{"rendered":"<p>El gobernador Gustavo Vald\u00e9s confirm\u00f3, a trav\u00e9s de su cuenta de twitter (@gustavovaldesok), el pago del adicional remunerativo de $1.000 correspondiente a mayo los agentes p\u00fablicos, jubilados y pensionados del sistema de previsi\u00f3n social de Corrientes. La liquidaci\u00f3n se ejecutar\u00e1 en tres d\u00edas a partir de este martes 7.<\/p>\n<p>De acuerdo a lo anunciado por el gobernador Vald\u00e9s, el martes 7 de mayo percibir\u00e1n aquellos que tengan Documento Nacional de Identidad terminados en 0, 1, 2 y 3. El cronograma de pago continuar\u00e1 el mi\u00e9rcoles 8, d\u00eda en el que cobrar\u00e1n aquellos con DNI finalizados en 4, 5 y 6. El pago finalizar\u00e1 el jueves 9.<\/p>\n<p>La resoluci\u00f3n de los montos por tramos fue instrumentada por el gobernador Vald\u00e9s y dise\u00f1ada por el Ministerio de Hacienda y Finanzas, articulada con el Banco de Corrientes S.A. El jefe de la cartera econ\u00f3mica correntina Marcelo Rivas Piasentini coment\u00f3 que por instrucci\u00f3n del Mandatario provincial se trabaja en la definici\u00f3n de los cronogramas salariales venideros durante el mes.<\/p>\n<p><strong>M\u00e1s de $2.800 millones<\/strong><\/p>\n<p>Mensualmente el Gobierno Provincial vuelca al mercado local $2.850 millones; en concepto de haberes el monto de inversi\u00f3n es de $2.330. En tanto que por el plus remunerativo de $1.000 asciende a $80 millones y por el adicional remunerativo de $5.500, suma otros $440 millones.<\/p>\n","protected":false},"excerpt":{"rendered":"<p>El gobernador Gustavo Vald\u00e9s confirm\u00f3, a trav\u00e9s de su cuenta de twitter (@gustavovaldesok), el pago del adicional remunerativo de $1.000 correspondiente a mayo los agentes p\u00fablicos, jubilados y pensionados del sistema de previsi\u00f3n social de Corrientes. La liquidaci\u00f3n se ejecutar\u00e1 en tres d\u00edas a partir de este martes 7. De acuerdo a lo anunciado por [&hellip;]<\/p>\n","protected":false},"author":1,"featured_media":27552,"comment_status":"closed","ping_status":"closed","sticky":false,"template":"","format":"standard","meta":{"footnotes":""},"categories":[6],"tags":[136],"class_list":["post-27551","post","type-post","status-publish","format-standard","has-post-thumbnail","hentry","category-locales","tag-destacados"],"_links":{"self":[{"href":"http:\/\/informateesquina.com\/index.php?rest_route=\/wp\/v2\/posts\/27551","targetHints":{"allow":["GET"]}}],"collection":[{"href":"http:\/\/informateesquina.com\/index.php?rest_route=\/wp\/v2\/posts"}],"about":[{"href":"http:\/\/informateesquina.com\/index.php?rest_route=\/wp\/v2\/types\/post"}],"author":[{"embeddable":true,"href":"http:\/\/informateesquina.com\/index.php?rest_route=\/wp\/v2\/users\/1"}],"replies":[{"embeddable":true,"href":"http:\/\/informateesquina.com\/index.php?rest_route=%2Fwp%2Fv2%2Fcomments&post=27551"}],"version-history":[{"count":0,"href":"http:\/\/informateesquina.com\/index.php?rest_route=\/wp\/v2\/posts\/27551\/revisions"}],"wp:featuredmedia":[{"embeddable":true,"href":"http:\/\/informateesquina.com\/index.php?rest_route=\/wp\/v2\/media\/27552"}],"wp:attachment":[{"href":"http:\/\/informateesquina.com\/index.php?rest_route=%2Fwp%2Fv2%2Fmedia&parent=27551"}],"wp:term":[{"taxonomy":"category","embeddable":true,"href":"http:\/\/informateesquina.com\/index.php?rest_route=%2Fwp%2Fv2%2Fcategories&post=27551"},{"taxonomy":"post_tag","embeddable":true,"href":"http:\/\/informateesquina.com\/index.php?rest_route=%2Fwp%2Fv2%2Ftags&post=27551"}],"curies":[{"name":"wp","href":"https:\/\/api.w.org\/{rel}","templated":true}]}}