{"id":27559,"date":"2019-05-07T21:09:15","date_gmt":"2019-05-08T00:09:15","guid":{"rendered":"https:\/\/informateesquina.com\/?p=27559"},"modified":"2019-05-07T21:09:15","modified_gmt":"2019-05-08T00:09:15","slug":"la-escuela-normal-de-esquina-cumplio-131-anos","status":"publish","type":"post","link":"http:\/\/informateesquina.com\/?p=27559","title":{"rendered":"La Escuela Normal de Esquina cumpli\u00f3 131 a\u00f1os"},"content":{"rendered":"<p>Directora Escuela Normal Ana\u00a0Davicino, habl\u00f3 con Informate Esquina ya que este 7 de mayo la instituci\u00f3n est\u00e1 cumpliendo 131 a\u00f1os.<\/p>\n<p>\u201cEn los d\u00edas previos se realizaron distintas actividades \u00e1ulicas alusivas a la fecha y destacando la figura de su creador: Jos\u00e9 Alfredo Ferreira; \u00a0anoche se realiz\u00f3 el abrazo simb\u00f3lico, con las luminarias y hoy se hizo el acto protocolar\u201d, coment\u00f3. \u201cCumplimos con las expectativas respecto a las jornadas previstas para recordar la fundaci\u00f3n de la instituci\u00f3n \u00a0y agradecemos la participaci\u00f3n de los padres\u201d, a\u00f1adi\u00f3.<\/p>\n<p>La Escuela Normal cuenta con el nivel inicial, primario y secundario, lo que hace un total de entre 1700 a 1900 alumnos y cerca de 135 docentes. La directora destaca que actualmente los cupos est\u00e1n cubiertos.<\/p>\n<p>Los or\u00edgenes de la Escuela Normal esquinense son tan ricos como azarosos. A fines del siglo XIX, en la localidad exist\u00edan escuelas provinciales y municipales. Ferreira, ante la realidad local, concibe el prop\u00f3sito de extender los beneficios de la educaci\u00f3n a los sectores menos afortunados, y as\u00ed, con el apoyo de un grupo de vecinos, en el cual se destaca el entrerriano Ram\u00f3n F. Garc\u00eda, se crea una Escuela Popular.<\/p>\n<p><img loading=\"lazy\" decoding=\"async\" class=\"alignnone size-medium wp-image-27560\" src=\"https:\/\/informateesquina.com\/wp-content\/uploads\/2019\/05\/573e4ef9-6f00-4889-81c5-3eafe959d7df-300x169.jpg\" alt=\"\" width=\"300\" height=\"169\" srcset=\"http:\/\/informateesquina.com\/wp-content\/uploads\/2019\/05\/573e4ef9-6f00-4889-81c5-3eafe959d7df-300x169.jpg 300w, http:\/\/informateesquina.com\/wp-content\/uploads\/2019\/05\/573e4ef9-6f00-4889-81c5-3eafe959d7df-1024x576.jpg 1024w, http:\/\/informateesquina.com\/wp-content\/uploads\/2019\/05\/573e4ef9-6f00-4889-81c5-3eafe959d7df-768x432.jpg 768w, http:\/\/informateesquina.com\/wp-content\/uploads\/2019\/05\/573e4ef9-6f00-4889-81c5-3eafe959d7df.jpg 1032w\" sizes=\"auto, (max-width: 300px) 100vw, 300px\" \/> <img loading=\"lazy\" decoding=\"async\" class=\"alignnone size-medium wp-image-27561\" src=\"https:\/\/informateesquina.com\/wp-content\/uploads\/2019\/05\/6d7eb91a-50cf-4d06-85a1-79f9e08c7f1e-300x169.jpg\" alt=\"\" width=\"300\" height=\"169\" srcset=\"http:\/\/informateesquina.com\/wp-content\/uploads\/2019\/05\/6d7eb91a-50cf-4d06-85a1-79f9e08c7f1e-300x169.jpg 300w, http:\/\/informateesquina.com\/wp-content\/uploads\/2019\/05\/6d7eb91a-50cf-4d06-85a1-79f9e08c7f1e-1024x576.jpg 1024w, http:\/\/informateesquina.com\/wp-content\/uploads\/2019\/05\/6d7eb91a-50cf-4d06-85a1-79f9e08c7f1e-768x432.jpg 768w, http:\/\/informateesquina.com\/wp-content\/uploads\/2019\/05\/6d7eb91a-50cf-4d06-85a1-79f9e08c7f1e.jpg 1032w\" sizes=\"auto, (max-width: 300px) 100vw, 300px\" \/> <img loading=\"lazy\" decoding=\"async\" class=\"alignnone size-medium wp-image-27562\" src=\"https:\/\/informateesquina.com\/wp-content\/uploads\/2019\/05\/79187833-6281-4d3b-96c7-0a280e180b67-150x300.jpg\" alt=\"\" width=\"150\" height=\"300\" srcset=\"http:\/\/informateesquina.com\/wp-content\/uploads\/2019\/05\/79187833-6281-4d3b-96c7-0a280e180b67-150x300.jpg 150w, http:\/\/informateesquina.com\/wp-content\/uploads\/2019\/05\/79187833-6281-4d3b-96c7-0a280e180b67-512x1024.jpg 512w, http:\/\/informateesquina.com\/wp-content\/uploads\/2019\/05\/79187833-6281-4d3b-96c7-0a280e180b67.jpg 640w\" sizes=\"auto, (max-width: 150px) 100vw, 150px\" \/> <img loading=\"lazy\" decoding=\"async\" class=\"alignnone size-medium wp-image-27563\" src=\"https:\/\/informateesquina.com\/wp-content\/uploads\/2019\/05\/4e1d4501-eeab-4b3c-b351-994b8db64f2e-150x300.jpg\" alt=\"\" width=\"150\" height=\"300\" srcset=\"http:\/\/informateesquina.com\/wp-content\/uploads\/2019\/05\/4e1d4501-eeab-4b3c-b351-994b8db64f2e-150x300.jpg 150w, http:\/\/informateesquina.com\/wp-content\/uploads\/2019\/05\/4e1d4501-eeab-4b3c-b351-994b8db64f2e-512x1024.jpg 512w, http:\/\/informateesquina.com\/wp-content\/uploads\/2019\/05\/4e1d4501-eeab-4b3c-b351-994b8db64f2e.jpg 640w\" sizes=\"auto, (max-width: 150px) 100vw, 150px\" \/> <img loading=\"lazy\" decoding=\"async\" class=\"alignnone size-medium wp-image-27564\" src=\"https:\/\/informateesquina.com\/wp-content\/uploads\/2019\/05\/afa72c82-dc7f-41ac-8e42-d81d0ef1618d-300x225.jpg\" alt=\"\" width=\"300\" height=\"225\" srcset=\"http:\/\/informateesquina.com\/wp-content\/uploads\/2019\/05\/afa72c82-dc7f-41ac-8e42-d81d0ef1618d-300x225.jpg 300w, http:\/\/informateesquina.com\/wp-content\/uploads\/2019\/05\/afa72c82-dc7f-41ac-8e42-d81d0ef1618d-1024x768.jpg 1024w, http:\/\/informateesquina.com\/wp-content\/uploads\/2019\/05\/afa72c82-dc7f-41ac-8e42-d81d0ef1618d-768x576.jpg 768w, http:\/\/informateesquina.com\/wp-content\/uploads\/2019\/05\/afa72c82-dc7f-41ac-8e42-d81d0ef1618d.jpg 1280w\" sizes=\"auto, (max-width: 300px) 100vw, 300px\" \/> <img loading=\"lazy\" decoding=\"async\" class=\"alignnone size-medium wp-image-27565\" src=\"https:\/\/informateesquina.com\/wp-content\/uploads\/2019\/05\/bf344203-4c4b-4a2a-93f3-03ce4e96d802-300x225.jpg\" alt=\"\" width=\"300\" height=\"225\" srcset=\"http:\/\/informateesquina.com\/wp-content\/uploads\/2019\/05\/bf344203-4c4b-4a2a-93f3-03ce4e96d802-300x225.jpg 300w, http:\/\/informateesquina.com\/wp-content\/uploads\/2019\/05\/bf344203-4c4b-4a2a-93f3-03ce4e96d802-1024x768.jpg 1024w, http:\/\/informateesquina.com\/wp-content\/uploads\/2019\/05\/bf344203-4c4b-4a2a-93f3-03ce4e96d802-768x576.jpg 768w, http:\/\/informateesquina.com\/wp-content\/uploads\/2019\/05\/bf344203-4c4b-4a2a-93f3-03ce4e96d802.jpg 1280w\" sizes=\"auto, (max-width: 300px) 100vw, 300px\" \/><\/p>\n","protected":false},"excerpt":{"rendered":"<p>Directora Escuela Normal Ana\u00a0Davicino, habl\u00f3 con Informate Esquina ya que este 7 de mayo la instituci\u00f3n est\u00e1 cumpliendo 131 a\u00f1os. \u201cEn los d\u00edas previos se realizaron distintas actividades \u00e1ulicas alusivas a la fecha y destacando la figura de su creador: Jos\u00e9 Alfredo Ferreira; \u00a0anoche se realiz\u00f3 el abrazo simb\u00f3lico, con las luminarias y hoy se [&hellip;]<\/p>\n","protected":false},"author":1,"featured_media":27564,"comment_status":"closed","ping_status":"closed","sticky":false,"template":"","format":"standard","meta":{"footnotes":""},"categories":[6,11],"tags":[136],"class_list":["post-27559","post","type-post","status-publish","format-standard","has-post-thumbnail","hentry","category-locales","category-sociedad","tag-destacados"],"_links":{"self":[{"href":"http:\/\/informateesquina.com\/index.php?rest_route=\/wp\/v2\/posts\/27559","targetHints":{"allow":["GET"]}}],"collection":[{"href":"http:\/\/informateesquina.com\/index.php?rest_route=\/wp\/v2\/posts"}],"about":[{"href":"http:\/\/informateesquina.com\/index.php?rest_route=\/wp\/v2\/types\/post"}],"author":[{"embeddable":true,"href":"http:\/\/informateesquina.com\/index.php?rest_route=\/wp\/v2\/users\/1"}],"replies":[{"embeddable":true,"href":"http:\/\/informateesquina.com\/index.php?rest_route=%2Fwp%2Fv2%2Fcomments&post=27559"}],"version-history":[{"count":0,"href":"http:\/\/informateesquina.com\/index.php?rest_route=\/wp\/v2\/posts\/27559\/revisions"}],"wp:featuredmedia":[{"embeddable":true,"href":"http:\/\/informateesquina.com\/index.php?rest_route=\/wp\/v2\/media\/27564"}],"wp:attachment":[{"href":"http:\/\/informateesquina.com\/index.php?rest_route=%2Fwp%2Fv2%2Fmedia&parent=27559"}],"wp:term":[{"taxonomy":"category","embeddable":true,"href":"http:\/\/informateesquina.com\/index.php?rest_route=%2Fwp%2Fv2%2Fcategories&post=27559"},{"taxonomy":"post_tag","embeddable":true,"href":"http:\/\/informateesquina.com\/index.php?rest_route=%2Fwp%2Fv2%2Ftags&post=27559"}],"curies":[{"name":"wp","href":"https:\/\/api.w.org\/{rel}","templated":true}]}}