{"id":27570,"date":"2019-05-07T22:13:48","date_gmt":"2019-05-08T01:13:48","guid":{"rendered":"https:\/\/informateesquina.com\/?p=27570"},"modified":"2019-05-07T22:13:48","modified_gmt":"2019-05-08T01:13:48","slug":"la-corte-suprema-volvio-a-fallar-contra-el-impuesto-a-las-ganancias-en-jubilaciones","status":"publish","type":"post","link":"http:\/\/informateesquina.com\/?p=27570","title":{"rendered":"La Corte Suprema volvi\u00f3 a fallar contra el Impuesto a las Ganancias en jubilaciones"},"content":{"rendered":"<div class=\"detail-body\">\n<article id=\"note-body\" class=\"note-body first\" data-twitter-link=\"https:\/\/twitter.com\/intent\/tweet?url=https:\/\/www.minutouno.com\/c5030273&amp;v\u00eda=minutounocom&amp;related=MinutoUno&amp;text=\">\n<div class=\"row\">\n<div class=\"inside-note col-xs-12\">\n<p>La\u00a0<a class=\"agrupador\" href=\"http:\/\/www.minutouno.com\/corte-suprema-a1269\" rel=\"1269\">Corte Suprema<\/a>\u00a0de Justicia declar\u00f3 la\u00a0<strong>inconstitucionalidad del cobro a los jubilados del Impuesto a las\u00a0<a class=\"agrupador\" href=\"http:\/\/www.minutouno.com\/ganancias-a117\" rel=\"117\">Ganancias<\/a><\/strong>\u00a0en once nuevos casos. Son causas iniciadas por personas de edad avanzada o que padecen problemas de salud. El M\u00e1ximo Tribunal se remiti\u00f3 a lo ya resuelto en el precedente \u201cGarc\u00eda, Mar\u00eda Isabel c\/ AFIP\u201d, del pasado 26 de marzo.<\/p>\n<\/div>\n<\/div>\n<\/article>\n<\/div>\n<div class=\"detail-body \">\n<article id=\"note-body\" class=\"note-body\" data-twitter-link=\"https:\/\/twitter.com\/intent\/tweet?url=https:\/\/www.minutouno.com\/c5030273&amp;v\u00eda=minutounocom&amp;related=MinutoUno&amp;text=\">\n<div class=\"row\">\n<div class=\"inside-note col-xs-12\">\n<div id=\"7044814-Libre-317452722_wrap\" class=\"embed_cont type_imagen no-epigrafe no-copyright\">\n<div id=\"7044814-Libre-317452722_content\" class=\"embed_content\"><img decoding=\"async\" id=\"7044814-Libre-317452722_embed\" src=\"https:\/\/media.minutouno.com\/adjuntos\/150\/imagenes\/036\/123\/0036123227.jpg?0000-00-00-00-00-00\" alt=\"\" \/><\/div>\n<\/div>\n<p>El fallo cont\u00f3 con el\u00a0<strong>voto mayoritario<\/strong>\u00a0de los jueces Elena\u00a0<strong>Highton de Nolasco<\/strong>, Juan Carlos\u00a0<strong>Maqueda<\/strong>, Ricardo\u00a0<strong>Lorenzetti<\/strong>\u00a0y Horacio\u00a0<strong>Rosatti<\/strong>. Carlos Rosenkrantz vot\u00f3 en contra, como es habitual.<\/p>\n<p>En el citado precedente, el voto mayoritario declar\u00f3 la inconstitucionalidad del Impuesto a las Ganancias sobre las\u00a0<a class=\"agrupador\" href=\"http:\/\/www.minutouno.com\/jubilaciones-a191\" rel=\"191\">jubilaciones<\/a>\u00a0y pensiones, al revisar la situaci\u00f3n de una jubilada de la Caja de Jubilaciones y Pensiones de la Provincia de Entre R\u00edos.<\/p>\n<p><span id=\"saysCMSEmphasisq1lfcu0lf9\" class=\"saysCMSEmphasis\">\u201cEl envejecimiento y la enfermedad son causas determinantes de vulnerabilidad que obligan a los jubilados a contar con mayores recursos para no ver comprometida su existencia y calidad de vida\u201d<\/span>, argumenta el fallo.<\/p>\n<p>Luego apunta al Congreso: \u201cEl legislador debe dar respuestas especiales y diferenciadas para los sectores vulnerables \u2013entre ellos los jubilados-, con el objeto de asegurarles el goce pleno y efectivo de todos sus derechos sin que el sistema tributario pueda quedar apartado del resto del ordenamiento jur\u00eddico\u201d.<\/p>\n<p>Tambi\u00e9n consider\u00f3 que la mera utilizaci\u00f3n de la capacidad contributiva como par\u00e1metro para establecer impuestos a los jubilados y pensionados no era suficiente al no tener en cuenta la vulnerabilidad de los jubilados que ampara la Constituci\u00f3n Nacional, quienes ante esa omisi\u00f3n quedan en una situaci\u00f3n de notoria e injusta desventaja.<\/p>\n<p>En su disidencia, Rosenkrantz resolvi\u00f3 que las normas de la Ley del Impuesto a las Ganancias que establecen que las jubilaciones y pensiones se encuentran alcanzadas por dicho impuesto son, en principio, constitucionales y que no se demostr\u00f3 la inconstitucionalidad ni irrazonabilidad del pago del impuesto en el caso de las actoras.<\/p>\n<\/div>\n<\/div>\n<\/article>\n<\/div>\n","protected":false},"excerpt":{"rendered":"<p>La\u00a0Corte Suprema\u00a0de Justicia declar\u00f3 la\u00a0inconstitucionalidad del cobro a los jubilados del Impuesto a las\u00a0Ganancias\u00a0en once nuevos casos. Son causas iniciadas por personas de edad avanzada o que padecen problemas de salud. El M\u00e1ximo Tribunal se remiti\u00f3 a lo ya resuelto en el precedente \u201cGarc\u00eda, Mar\u00eda Isabel c\/ AFIP\u201d, del pasado 26 de marzo. El fallo [&hellip;]<\/p>\n","protected":false},"author":1,"featured_media":27571,"comment_status":"closed","ping_status":"closed","sticky":false,"template":"","format":"standard","meta":{"footnotes":""},"categories":[7],"tags":[],"class_list":["post-27570","post","type-post","status-publish","format-standard","has-post-thumbnail","hentry","category-nacionales"],"_links":{"self":[{"href":"http:\/\/informateesquina.com\/index.php?rest_route=\/wp\/v2\/posts\/27570","targetHints":{"allow":["GET"]}}],"collection":[{"href":"http:\/\/informateesquina.com\/index.php?rest_route=\/wp\/v2\/posts"}],"about":[{"href":"http:\/\/informateesquina.com\/index.php?rest_route=\/wp\/v2\/types\/post"}],"author":[{"embeddable":true,"href":"http:\/\/informateesquina.com\/index.php?rest_route=\/wp\/v2\/users\/1"}],"replies":[{"embeddable":true,"href":"http:\/\/informateesquina.com\/index.php?rest_route=%2Fwp%2Fv2%2Fcomments&post=27570"}],"version-history":[{"count":0,"href":"http:\/\/informateesquina.com\/index.php?rest_route=\/wp\/v2\/posts\/27570\/revisions"}],"wp:featuredmedia":[{"embeddable":true,"href":"http:\/\/informateesquina.com\/index.php?rest_route=\/wp\/v2\/media\/27571"}],"wp:attachment":[{"href":"http:\/\/informateesquina.com\/index.php?rest_route=%2Fwp%2Fv2%2Fmedia&parent=27570"}],"wp:term":[{"taxonomy":"category","embeddable":true,"href":"http:\/\/informateesquina.com\/index.php?rest_route=%2Fwp%2Fv2%2Fcategories&post=27570"},{"taxonomy":"post_tag","embeddable":true,"href":"http:\/\/informateesquina.com\/index.php?rest_route=%2Fwp%2Fv2%2Ftags&post=27570"}],"curies":[{"name":"wp","href":"https:\/\/api.w.org\/{rel}","templated":true}]}}