{"id":28818,"date":"2019-06-21T18:29:55","date_gmt":"2019-06-21T21:29:55","guid":{"rendered":"https:\/\/informateesquina.com\/?p=28818"},"modified":"2019-06-21T18:29:55","modified_gmt":"2019-06-21T21:29:55","slug":"violeta-vanderlan-es-quien-debe-remplazar-a-ruben-suarez-en-la-camara-de-senadores","status":"publish","type":"post","link":"http:\/\/informateesquina.com\/?p=28818","title":{"rendered":"Violeta Vanderlan es qui\u00e9n debe remplazar a Rub\u00e9n Su\u00e1rez en la C\u00e1mara de Senadores"},"content":{"rendered":"<p>Tras la muerte del senador provincial Rub\u00e9n Su\u00e1rez, Violeta Rita Elena Vanderlan es quien lo debe remplazar hasta que termine el del 10 de diciembre. Cabe recordar que Rub\u00e9n Su\u00e1rez hab\u00eda asumido para complementar el mandato de \u00a0<em><strong>Henry Fick<\/strong><\/em>. Por otra parte, Omar Correa es quien debe remplazarlo en la UTA.<\/p>\n","protected":false},"excerpt":{"rendered":"<p>Tras la muerte del senador provincial Rub\u00e9n Su\u00e1rez, Violeta Rita Elena Vanderlan es quien lo debe remplazar hasta que termine el del 10 de diciembre. Cabe recordar que Rub\u00e9n Su\u00e1rez hab\u00eda asumido para complementar el mandato de \u00a0Henry Fick. Por otra parte, Omar Correa es quien debe remplazarlo en la UTA.<\/p>\n","protected":false},"author":1,"featured_media":28819,"comment_status":"closed","ping_status":"closed","sticky":false,"template":"","format":"standard","meta":{"footnotes":""},"categories":[9],"tags":[],"class_list":["post-28818","post","type-post","status-publish","format-standard","has-post-thumbnail","hentry","category-politica"],"_links":{"self":[{"href":"http:\/\/informateesquina.com\/index.php?rest_route=\/wp\/v2\/posts\/28818","targetHints":{"allow":["GET"]}}],"collection":[{"href":"http:\/\/informateesquina.com\/index.php?rest_route=\/wp\/v2\/posts"}],"about":[{"href":"http:\/\/informateesquina.com\/index.php?rest_route=\/wp\/v2\/types\/post"}],"author":[{"embeddable":true,"href":"http:\/\/informateesquina.com\/index.php?rest_route=\/wp\/v2\/users\/1"}],"replies":[{"embeddable":true,"href":"http:\/\/informateesquina.com\/index.php?rest_route=%2Fwp%2Fv2%2Fcomments&post=28818"}],"version-history":[{"count":0,"href":"http:\/\/informateesquina.com\/index.php?rest_route=\/wp\/v2\/posts\/28818\/revisions"}],"wp:featuredmedia":[{"embeddable":true,"href":"http:\/\/informateesquina.com\/index.php?rest_route=\/"}],"wp:attachment":[{"href":"http:\/\/informateesquina.com\/index.php?rest_route=%2Fwp%2Fv2%2Fmedia&parent=28818"}],"wp:term":[{"taxonomy":"category","embeddable":true,"href":"http:\/\/informateesquina.com\/index.php?rest_route=%2Fwp%2Fv2%2Fcategories&post=28818"},{"taxonomy":"post_tag","embeddable":true,"href":"http:\/\/informateesquina.com\/index.php?rest_route=%2Fwp%2Fv2%2Ftags&post=28818"}],"curies":[{"name":"wp","href":"https:\/\/api.w.org\/{rel}","templated":true}]}}