{"id":28898,"date":"2019-06-25T18:39:24","date_gmt":"2019-06-25T21:39:24","guid":{"rendered":"https:\/\/informateesquina.com\/?p=28898"},"modified":"2019-06-25T18:39:24","modified_gmt":"2019-06-25T21:39:24","slug":"15-afiches-emblematicos-de-las-peliculas-de-isabel-sarli","status":"publish","type":"post","link":"http:\/\/informateesquina.com\/?p=28898","title":{"rendered":"15 afiches emblem\u00e1ticos de las pel\u00edculas de Isabel Sarli"},"content":{"rendered":"<p><img loading=\"lazy\" decoding=\"async\" class=\"alignnone size-medium wp-image-28899\" src=\"https:\/\/informateesquina.com\/wp-content\/uploads\/2019\/06\/Isabel-Sarli-17-211x300.jpg\" alt=\"\" width=\"211\" height=\"300\" \/><\/p>\n<div class=\"row\">\n<figure class=\"element element-image\">\n<p class=\"caption\">Sabaleros, la segunda pel\u00edcula que hizo Isabel, en 1959, con Armando B\u00f3 como director. Un a\u00f1o antes hab\u00edan hecho juntos El trueno en las hojas<\/p>\n<\/figure>\n<\/div>\n<div class=\"row\">\n<figure class=\"element element-image\">\n<div class=\" fullwidthImg\">\n<p><img decoding=\"async\" src=\"https:\/\/s3.amazonaws.com\/arc-wordpress-client-uploads\/infobae-wp\/wp-content\/uploads\/2019\/06\/25112602\/Isabel-Sarli-71.jpg\" alt=\"Favela, tambi\u00e9n con Armando B\u00f3, se estren\u00f3 en 1961 y fue una co producci\u00f3n con Brasil\" data-url=\"https:\/\/www.infobae.com\/teleshow\/fotos-teleshow\/2019\/06\/25\/15-posters-emblematicos-de-las-peliculas-de-isabel-sarli\/%23TCC3U6QRKJDYLB6UIS2VJVV4GQ\" data-original=\"https:\/\/s3.amazonaws.com\/arc-wordpress-client-uploads\/infobae-wp\/wp-content\/uploads\/2019\/06\/25112602\/Isabel-Sarli-71.jpg\" \/><\/p>\n<div class=\"shares share-holder\">\n<div class=\"share-button facebook\" data-url=\"https:\/\/www.infobae.com\/teleshow\/fotos-teleshow\/2019\/06\/25\/15-posters-emblematicos-de-las-peliculas-de-isabel-sarli\/%23TCC3U6QRKJDYLB6UIS2VJVV4GQ\" data-original=\"https:\/\/s3.amazonaws.com\/arc-wordpress-client-uploads\/infobae-wp\/wp-content\/uploads\/2019\/06\/25112602\/Isabel-Sarli-71.jpg\"><\/div>\n<\/div>\n<\/div>\n<p class=\"caption\">Favela, tambi\u00e9n con Armando B\u00f3, se estren\u00f3 en 1961 y fue una co producci\u00f3n con Brasil<\/p>\n<\/figure>\n<\/div>\n<div class=\"row\">\n<figure class=\"element element-image\">\n<div class=\" fullwidthImg\">\n<p><img decoding=\"async\" src=\"https:\/\/s3.amazonaws.com\/arc-wordpress-client-uploads\/infobae-wp\/wp-content\/uploads\/2019\/06\/25112620\/Isabel-Sarli-10.jpg\" alt=\"En 1964 la Coca hizo tambi\u00e9n en co producci\u00f3n con Brasil y con direcci\u00f3n de B\u00f3, La Leona. El elenco lo completaron Santiago G\u00f3mez Cou, Menezes Monsueto y Adalberto Silva\" data-url=\"https:\/\/www.infobae.com\/teleshow\/fotos-teleshow\/2019\/06\/25\/15-posters-emblematicos-de-las-peliculas-de-isabel-sarli\/%23HYJQ6XEQJFA6BHGXHKTBFG2ZSQ\" data-original=\"https:\/\/s3.amazonaws.com\/arc-wordpress-client-uploads\/infobae-wp\/wp-content\/uploads\/2019\/06\/25112620\/Isabel-Sarli-10.jpg\" \/><\/p>\n<div class=\"shares share-holder\">\n<div class=\"share-button facebook\" data-url=\"https:\/\/www.infobae.com\/teleshow\/fotos-teleshow\/2019\/06\/25\/15-posters-emblematicos-de-las-peliculas-de-isabel-sarli\/%23HYJQ6XEQJFA6BHGXHKTBFG2ZSQ\" data-original=\"https:\/\/s3.amazonaws.com\/arc-wordpress-client-uploads\/infobae-wp\/wp-content\/uploads\/2019\/06\/25112620\/Isabel-Sarli-10.jpg\"><\/div>\n<\/div>\n<\/div>\n<p class=\"caption\">En 1964 la Coca hizo tambi\u00e9n en co producci\u00f3n con Brasil y con direcci\u00f3n de B\u00f3, La Leona. El elenco lo completaron Santiago G\u00f3mez Cou, Menezes Monsueto y Adalberto Silva<\/p>\n<\/figure>\n<\/div>\n<div class=\"row\">\n<figure class=\"element element-image\">\n<div class=\" fullwidthImg\">\n<p><img decoding=\"async\" src=\"https:\/\/s3.amazonaws.com\/arc-wordpress-client-uploads\/infobae-wp\/wp-content\/uploads\/2019\/06\/25112637\/Isabel-Sarli-12.jpg\" alt=\"La se\u00f1ora del intendente se estren\u00f3 en 1967. La acompa\u00f1\u00f3 Pepe Arias, que muri\u00f3 un par de meses despu\u00e9s del estreno\" data-url=\"https:\/\/www.infobae.com\/teleshow\/fotos-teleshow\/2019\/06\/25\/15-posters-emblematicos-de-las-peliculas-de-isabel-sarli\/%23NE4ICKVMN5GAVC4SBL3J6GK4VI\" data-original=\"https:\/\/s3.amazonaws.com\/arc-wordpress-client-uploads\/infobae-wp\/wp-content\/uploads\/2019\/06\/25112637\/Isabel-Sarli-12.jpg\" \/><\/p>\n<div class=\"shares share-holder\">\n<div class=\"share-button facebook\" data-url=\"https:\/\/www.infobae.com\/teleshow\/fotos-teleshow\/2019\/06\/25\/15-posters-emblematicos-de-las-peliculas-de-isabel-sarli\/%23NE4ICKVMN5GAVC4SBL3J6GK4VI\" data-original=\"https:\/\/s3.amazonaws.com\/arc-wordpress-client-uploads\/infobae-wp\/wp-content\/uploads\/2019\/06\/25112637\/Isabel-Sarli-12.jpg\"><\/div>\n<\/div>\n<\/div>\n<p class=\"caption\">La se\u00f1ora del intendente se estren\u00f3 en 1967. La acompa\u00f1\u00f3 Pepe Arias, que muri\u00f3 un par de meses despu\u00e9s del estreno<\/p>\n<\/figure>\n<\/div>\n<div class=\"row\">\n<div class=\" col-md-offset-1 col-md-10 col-xs-10 col-xs-offset-1\">\n<p class=\"element element-paragraph\"><strong><a href=\"https:\/\/www.infobae.com\/teleshow\/infoshow\/2019\/06\/25\/isabel-la-coca-sarli-la-estrella-del-cine-que-amo-a-un-solo-hombre\/\" target=\"_blank\" rel=\"noopener noreferrer\">Isabel &#8220;la Coca&#8221; Sarli, la estrella del cine que am\u00f3 a un solo hombre, Armand\u00f3 B\u00f3<\/a><\/strong><\/p>\n<\/div>\n<\/div>\n<div class=\"row\">\n<figure class=\"element element-image\">\n<div class=\" fullwidthImg\">\n<p><img decoding=\"async\" src=\"https:\/\/s3.amazonaws.com\/arc-wordpress-client-uploads\/infobae-wp\/wp-content\/uploads\/2019\/06\/25112536\/Isabel-Sarli-51.jpg\" alt=\"Filmada en la Cataratas del Iguaz\u00fa, en 1968 y con direcci\u00f3n de Armando B\u00f3, quien tambi\u00e9n particip\u00f3 delante de c\u00e1mara, la pel\u00edcula cont\u00f3 con la actuaci\u00f3n de Victor B\u00f3, hijo del cineasta\" data-url=\"https:\/\/www.infobae.com\/teleshow\/fotos-teleshow\/2019\/06\/25\/15-posters-emblematicos-de-las-peliculas-de-isabel-sarli\/%237MAIV72QY5DVRGX63QPMJGICWM\" data-original=\"https:\/\/s3.amazonaws.com\/arc-wordpress-client-uploads\/infobae-wp\/wp-content\/uploads\/2019\/06\/25112536\/Isabel-Sarli-51.jpg\" \/><\/p>\n<div class=\"shares share-holder\">\n<div class=\"share-button facebook\" data-url=\"https:\/\/www.infobae.com\/teleshow\/fotos-teleshow\/2019\/06\/25\/15-posters-emblematicos-de-las-peliculas-de-isabel-sarli\/%237MAIV72QY5DVRGX63QPMJGICWM\" data-original=\"https:\/\/s3.amazonaws.com\/arc-wordpress-client-uploads\/infobae-wp\/wp-content\/uploads\/2019\/06\/25112536\/Isabel-Sarli-51.jpg\"><\/div>\n<\/div>\n<\/div>\n<p class=\"caption\">Filmada en la Cataratas del Iguaz\u00fa, en 1968 y con direcci\u00f3n de Armando B\u00f3, quien tambi\u00e9n particip\u00f3 delante de c\u00e1mara, la pel\u00edcula cont\u00f3 con la actuaci\u00f3n de Victor B\u00f3, hijo del cineasta<\/p>\n<\/figure>\n<\/div>\n<div class=\"row\">\n<figure class=\"element element-image\">\n<div class=\" fullwidthImg\">\n<p><img decoding=\"async\" src=\"https:\/\/s3.amazonaws.com\/arc-wordpress-client-uploads\/infobae-wp\/wp-content\/uploads\/2019\/06\/25114717\/Isanel-Sarli-Carne.jpg\" alt=\"Carne se estren\u00f3 en 1968 y cuenta la historia de una joven secuestrada y violada en un cami\u00f3n de transporte de carne. Es una de las pel\u00edculas m\u00e1s famosas de la dupla Sarli B\u00f3\" data-url=\"https:\/\/www.infobae.com\/teleshow\/fotos-teleshow\/2019\/06\/25\/15-posters-emblematicos-de-las-peliculas-de-isabel-sarli\/%23NX4FZMD26VG4RLVCD2XCU4VT4Y\" data-original=\"https:\/\/s3.amazonaws.com\/arc-wordpress-client-uploads\/infobae-wp\/wp-content\/uploads\/2019\/06\/25114717\/Isanel-Sarli-Carne.jpg\" \/><\/p>\n<div class=\"shares share-holder\">\n<div class=\"share-button facebook\" data-url=\"https:\/\/www.infobae.com\/teleshow\/fotos-teleshow\/2019\/06\/25\/15-posters-emblematicos-de-las-peliculas-de-isabel-sarli\/%23NX4FZMD26VG4RLVCD2XCU4VT4Y\" data-original=\"https:\/\/s3.amazonaws.com\/arc-wordpress-client-uploads\/infobae-wp\/wp-content\/uploads\/2019\/06\/25114717\/Isanel-Sarli-Carne.jpg\"><\/div>\n<\/div>\n<\/div>\n<p class=\"caption\">Carne se estren\u00f3 en 1968 y cuenta la historia de una joven secuestrada y violada en un cami\u00f3n de transporte de carne. Es una de las pel\u00edculas m\u00e1s famosas de la dupla Sarli B\u00f3<\/p>\n<\/figure>\n<\/div>\n<div class=\"row\">\n<figure class=\"element element-image\">\n<div class=\" fullwidthImg\">\n<p><img decoding=\"async\" src=\"https:\/\/s3.amazonaws.com\/arc-wordpress-client-uploads\/infobae-wp\/wp-content\/uploads\/2019\/06\/25112922\/Isabel-Sarli-161.jpg\" alt=\"Fuego se estren\u00f3 en 1969 t en parte se film\u00f3 en Nueva York\" data-url=\"https:\/\/www.infobae.com\/teleshow\/fotos-teleshow\/2019\/06\/25\/15-posters-emblematicos-de-las-peliculas-de-isabel-sarli\/%236PMQ2P3C7ZAVBKROJPNWLCGD3E\" data-original=\"https:\/\/s3.amazonaws.com\/arc-wordpress-client-uploads\/infobae-wp\/wp-content\/uploads\/2019\/06\/25112922\/Isabel-Sarli-161.jpg\" \/><\/p>\n<div class=\"shares share-holder\">\n<div class=\"share-button facebook\" data-url=\"https:\/\/www.infobae.com\/teleshow\/fotos-teleshow\/2019\/06\/25\/15-posters-emblematicos-de-las-peliculas-de-isabel-sarli\/%236PMQ2P3C7ZAVBKROJPNWLCGD3E\" data-original=\"https:\/\/s3.amazonaws.com\/arc-wordpress-client-uploads\/infobae-wp\/wp-content\/uploads\/2019\/06\/25112922\/Isabel-Sarli-161.jpg\"><\/div>\n<\/div>\n<\/div>\n<p class=\"caption\">Fuego se estren\u00f3 en 1969 t en parte se film\u00f3 en Nueva York<\/p>\n<\/figure>\n<\/div>\n<div class=\"row\">\n<div class=\" col-md-offset-1 col-md-10 col-xs-10 col-xs-offset-1\">\n<p class=\"element element-paragraph\"><strong><a href=\"https:\/\/www.infobae.com\/teleshow\/infoshow\/2019\/06\/25\/besos-escenas-inolvidables-y-divertidas-charlas-isabel-la-coca-sarli-en-videos\/\" target=\"_blank\" rel=\"noopener noreferrer\">&#8220;\u00bfQu\u00e9 pretende usted de m\u00ed?&#8221; y otras escenas inolvidables de Isabel &#8220;la Coca&#8221; Sarli<\/a><\/strong><\/p>\n<\/div>\n<\/div>\n<div class=\"row\">\n<figure class=\"element element-image\">\n<div class=\" fullwidthImg\">\n<p><img decoding=\"async\" src=\"https:\/\/s3.amazonaws.com\/arc-wordpress-client-uploads\/infobae-wp\/wp-content\/uploads\/2019\/06\/25112858\/Isabel-Sarli-151.jpg\" alt=\"Otro poster de Fuego, de Armando B\u00f3. El director John Waters dijo que era uno de sus filmes favoritos y la present\u00f3 en el 2002 en el Maryland Film Festival\" data-url=\"https:\/\/www.infobae.com\/teleshow\/fotos-teleshow\/2019\/06\/25\/15-posters-emblematicos-de-las-peliculas-de-isabel-sarli\/%23VMGMI7CYBVB67ICQJICN3XVYPM\" data-original=\"https:\/\/s3.amazonaws.com\/arc-wordpress-client-uploads\/infobae-wp\/wp-content\/uploads\/2019\/06\/25112858\/Isabel-Sarli-151.jpg\" \/><\/p>\n<div class=\"shares share-holder\">\n<div class=\"share-button facebook\" data-url=\"https:\/\/www.infobae.com\/teleshow\/fotos-teleshow\/2019\/06\/25\/15-posters-emblematicos-de-las-peliculas-de-isabel-sarli\/%23VMGMI7CYBVB67ICQJICN3XVYPM\" data-original=\"https:\/\/s3.amazonaws.com\/arc-wordpress-client-uploads\/infobae-wp\/wp-content\/uploads\/2019\/06\/25112858\/Isabel-Sarli-151.jpg\"><\/div>\n<\/div>\n<\/div>\n<p class=\"caption\">Otro poster de Fuego, de Armando B\u00f3. El director John Waters dijo que era uno de sus filmes favoritos y la present\u00f3 en el 2002 en el Maryland Film Festival<\/p>\n<\/figure>\n<\/div>\n<div class=\"row\">\n<figure class=\"element element-image\">\n<div class=\" fullwidthImg\">\n<p><img decoding=\"async\" src=\"https:\/\/s3.amazonaws.com\/arc-wordpress-client-uploads\/infobae-wp\/wp-content\/uploads\/2019\/06\/25112451\/Isabel-Sarli-21.jpg\" alt=\"Fiebre, se rod\u00f3 en Pergamino y se estren\u00f3 en 1972. A la Coca la acompa\u00f1an Armando Bo, Horacio Priani y Mario Casado\" data-url=\"https:\/\/www.infobae.com\/teleshow\/fotos-teleshow\/2019\/06\/25\/15-posters-emblematicos-de-las-peliculas-de-isabel-sarli\/%235OW7KX3LK5HA7AJ3OYTWXZJ5IM\" data-original=\"https:\/\/s3.amazonaws.com\/arc-wordpress-client-uploads\/infobae-wp\/wp-content\/uploads\/2019\/06\/25112451\/Isabel-Sarli-21.jpg\" \/><\/p>\n<div class=\"shares share-holder\">\n<div class=\"share-button facebook\" data-url=\"https:\/\/www.infobae.com\/teleshow\/fotos-teleshow\/2019\/06\/25\/15-posters-emblematicos-de-las-peliculas-de-isabel-sarli\/%235OW7KX3LK5HA7AJ3OYTWXZJ5IM\" data-original=\"https:\/\/s3.amazonaws.com\/arc-wordpress-client-uploads\/infobae-wp\/wp-content\/uploads\/2019\/06\/25112451\/Isabel-Sarli-21.jpg\"><\/div>\n<\/div>\n<\/div>\n<p class=\"caption\">Fiebre, se rod\u00f3 en Pergamino y se estren\u00f3 en 1972. A la Coca la acompa\u00f1an Armando Bo, Horacio Priani y Mario Casado<\/p>\n<\/figure>\n<\/div>\n<div class=\"row\">\n<figure class=\"element element-image\">\n<div class=\" fullwidthImg\">\n<p><img decoding=\"async\" src=\"https:\/\/s3.amazonaws.com\/arc-wordpress-client-uploads\/infobae-wp\/wp-content\/uploads\/2019\/06\/25112611\/Isabel-Sarli-8.jpg\" alt=\"Furia infernal se estren\u00f3 en 1973 y esta vez, B\u00f3 eligi\u00f3 como locaci\u00f3n Chubut\" data-url=\"https:\/\/www.infobae.com\/teleshow\/fotos-teleshow\/2019\/06\/25\/15-posters-emblematicos-de-las-peliculas-de-isabel-sarli\/%23M72PMUWNTRDWFNZKC6D6D7UZ3M\" data-original=\"https:\/\/s3.amazonaws.com\/arc-wordpress-client-uploads\/infobae-wp\/wp-content\/uploads\/2019\/06\/25112611\/Isabel-Sarli-8.jpg\" \/><\/p>\n<div class=\"shares share-holder\">\n<div class=\"share-button facebook\" data-url=\"https:\/\/www.infobae.com\/teleshow\/fotos-teleshow\/2019\/06\/25\/15-posters-emblematicos-de-las-peliculas-de-isabel-sarli\/%23M72PMUWNTRDWFNZKC6D6D7UZ3M\" data-original=\"https:\/\/s3.amazonaws.com\/arc-wordpress-client-uploads\/infobae-wp\/wp-content\/uploads\/2019\/06\/25112611\/Isabel-Sarli-8.jpg\"><\/div>\n<\/div>\n<\/div>\n<p class=\"caption\">Furia infernal se estren\u00f3 en 1973 y esta vez, B\u00f3 eligi\u00f3 como locaci\u00f3n Chubut<\/p>\n<\/figure>\n<\/div>\n<div class=\"row\">\n<figure class=\"element element-image\">\n<div class=\" fullwidthImg\">\n<p><img decoding=\"async\" src=\"https:\/\/s3.amazonaws.com\/arc-wordpress-client-uploads\/infobae-wp\/wp-content\/uploads\/2019\/06\/25112505\/Isabel-Sarli-31.jpg\" alt=\"El sexo y el amor se estren\u00f3 en 1974 y tamb\u00e9n es protagonizada por B\u00f3. Cuenta la historia de un hombre que tras quedar paral\u00edtico en un accidente, incita a su mujer para que sea infiel\" data-url=\"https:\/\/www.infobae.com\/teleshow\/fotos-teleshow\/2019\/06\/25\/15-posters-emblematicos-de-las-peliculas-de-isabel-sarli\/%237AAY5NGQYFBWXL4KAGUFUVJVMM\" data-original=\"https:\/\/s3.amazonaws.com\/arc-wordpress-client-uploads\/infobae-wp\/wp-content\/uploads\/2019\/06\/25112505\/Isabel-Sarli-31.jpg\" \/><\/p>\n<div class=\"shares share-holder\">\n<div class=\"share-button facebook\" data-url=\"https:\/\/www.infobae.com\/teleshow\/fotos-teleshow\/2019\/06\/25\/15-posters-emblematicos-de-las-peliculas-de-isabel-sarli\/%237AAY5NGQYFBWXL4KAGUFUVJVMM\" data-original=\"https:\/\/s3.amazonaws.com\/arc-wordpress-client-uploads\/infobae-wp\/wp-content\/uploads\/2019\/06\/25112505\/Isabel-Sarli-31.jpg\"><\/div>\n<\/div>\n<\/div>\n<p class=\"caption\">El sexo y el amor se estren\u00f3 en 1974 y tamb\u00e9n es protagonizada por B\u00f3. Cuenta la historia de un hombre que tras quedar paral\u00edtico en un accidente, incita a su mujer para que sea infiel<\/p>\n<\/figure>\n<\/div>\n<div class=\"row\">\n<div class=\" col-md-offset-1 col-md-10 col-xs-10 col-xs-offset-1\">\n<p class=\"element element-paragraph\"><strong><a href=\"https:\/\/www.infobae.com\/teleshow\/fotos-teleshow\/2019\/06\/25\/isabel-la-coca-sarli-las-mejores-fotos-de-su-vida-y-su-carrera\/\" target=\"_blank\" rel=\"noopener noreferrer\">Isabel &#8220;la Coca&#8221; Sarli: las mejores fotos de su vida y su carrera<\/a><\/strong><\/p>\n<\/div>\n<\/div>\n<div class=\"row\">\n<figure class=\"element element-image\">\n<div class=\" fullwidthImg\">\n<p><img decoding=\"async\" src=\"https:\/\/s3.amazonaws.com\/arc-wordpress-client-uploads\/infobae-wp\/wp-content\/uploads\/2019\/06\/25112645\/Isabel-Sarli-13.jpg\" alt=\"Embrujada se produjo en 1969 pero se estren\u00f3 reci\u00e9n en 1976. A diferencia de las anteriores, esta no la protagoniz\u00f3 Armando B\u00f3\" data-url=\"https:\/\/www.infobae.com\/teleshow\/fotos-teleshow\/2019\/06\/25\/15-posters-emblematicos-de-las-peliculas-de-isabel-sarli\/%237NMHFGVPYZCO5AO33WK42P7KJU\" data-original=\"https:\/\/s3.amazonaws.com\/arc-wordpress-client-uploads\/infobae-wp\/wp-content\/uploads\/2019\/06\/25112645\/Isabel-Sarli-13.jpg\" \/><\/p>\n<div class=\"shares share-holder\">\n<div class=\"share-button facebook\" data-url=\"https:\/\/www.infobae.com\/teleshow\/fotos-teleshow\/2019\/06\/25\/15-posters-emblematicos-de-las-peliculas-de-isabel-sarli\/%237NMHFGVPYZCO5AO33WK42P7KJU\" data-original=\"https:\/\/s3.amazonaws.com\/arc-wordpress-client-uploads\/infobae-wp\/wp-content\/uploads\/2019\/06\/25112645\/Isabel-Sarli-13.jpg\"><\/div>\n<\/div>\n<\/div>\n<p class=\"caption\">Embrujada se produjo en 1969 pero se estren\u00f3 reci\u00e9n en 1976. A diferencia de las anteriores, esta no la protagoniz\u00f3 Armando B\u00f3<\/p>\n<\/figure>\n<\/div>\n<div class=\"row\">\n<figure class=\"element element-image\">\n<div class=\" fullwidthImg\">\n<p><img decoding=\"async\" src=\"https:\/\/s3.amazonaws.com\/arc-wordpress-client-uploads\/infobae-wp\/wp-content\/uploads\/2019\/06\/25112816\/Isabel-Sarli-15.jpg\" alt=\"Insaciable se estren\u00f3 en 1984 y cuenta la historia de un m\u00e9dico que incita a su esposa a la infidelidad, un argumento muy parecido al de El sexo y el amor\" data-url=\"https:\/\/www.infobae.com\/teleshow\/fotos-teleshow\/2019\/06\/25\/15-posters-emblematicos-de-las-peliculas-de-isabel-sarli\/%233NAVCLM5SNCYTPAJRWQKACSI3I\" data-original=\"https:\/\/s3.amazonaws.com\/arc-wordpress-client-uploads\/infobae-wp\/wp-content\/uploads\/2019\/06\/25112816\/Isabel-Sarli-15.jpg\" \/><\/p>\n<div class=\"shares share-holder\">\n<div class=\"share-button facebook\" data-url=\"https:\/\/www.infobae.com\/teleshow\/fotos-teleshow\/2019\/06\/25\/15-posters-emblematicos-de-las-peliculas-de-isabel-sarli\/%233NAVCLM5SNCYTPAJRWQKACSI3I\" data-original=\"https:\/\/s3.amazonaws.com\/arc-wordpress-client-uploads\/infobae-wp\/wp-content\/uploads\/2019\/06\/25112816\/Isabel-Sarli-15.jpg\"><\/div>\n<\/div>\n<\/div>\n<p class=\"caption\">Insaciable se estren\u00f3 en 1984 y cuenta la historia de un m\u00e9dico que incita a su esposa a la infidelidad, un argumento muy parecido al de El sexo y el amor<\/p>\n<\/figure>\n<\/div>\n<div class=\"row\">\n<figure class=\"element element-image\">\n<div class=\" fullwidthImg\">\n<p><img decoding=\"async\" src=\"https:\/\/s3.amazonaws.com\/arc-wordpress-client-uploads\/infobae-wp\/wp-content\/uploads\/2019\/06\/25112717\/Isabel-Sarli-16.jpg\" alt=\"La dama regresa se estren\u00f3 en 1996 y signific\u00f3 el gran regreso de la Coca a la pantalla grande, con direcci\u00f3n de Jorge Polaco\" data-url=\"https:\/\/www.infobae.com\/teleshow\/fotos-teleshow\/2019\/06\/25\/15-posters-emblematicos-de-las-peliculas-de-isabel-sarli\/%235QYTF755GRCIZL4NMP7FYVFTLA\" data-original=\"https:\/\/s3.amazonaws.com\/arc-wordpress-client-uploads\/infobae-wp\/wp-content\/uploads\/2019\/06\/25112717\/Isabel-Sarli-16.jpg\" \/><\/p>\n<div class=\"shares share-holder\">\n<div class=\"share-button facebook\" data-url=\"https:\/\/www.infobae.com\/teleshow\/fotos-teleshow\/2019\/06\/25\/15-posters-emblematicos-de-las-peliculas-de-isabel-sarli\/%235QYTF755GRCIZL4NMP7FYVFTLA\" data-original=\"https:\/\/s3.amazonaws.com\/arc-wordpress-client-uploads\/infobae-wp\/wp-content\/uploads\/2019\/06\/25112717\/Isabel-Sarli-16.jpg\"><\/div>\n<\/div>\n<\/div>\n<p class=\"caption\">La dama regresa se estren\u00f3 en 1996 y signific\u00f3 el gran regreso de la Coca a la pantalla grande, con direcci\u00f3n de Jorge Polaco<\/p>\n<\/figure>\n<\/div>\n<div class=\"row\">\n<figure class=\"element element-image\">\n<div class=\" fullwidthImg\">\n<p><img decoding=\"async\" src=\"https:\/\/s3.amazonaws.com\/arc-wordpress-client-uploads\/infobae-wp\/wp-content\/uploads\/2019\/06\/25112702\/Isabel-Sarli-14.jpg\" alt=\"Mis d\u00edas con gloria fue su ante\u00faltima pel\u00edcula. Se estren\u00f3 en el 2010 con direcci\u00f3n de Juan Jos\u00e9 Jusid. En el filme, cumpli\u00f3 su sue\u00f1o de actuar con su hija Isabelita\" data-url=\"https:\/\/www.infobae.com\/teleshow\/fotos-teleshow\/2019\/06\/25\/15-posters-emblematicos-de-las-peliculas-de-isabel-sarli\/%23SBTMQEXLXJANNBOGH5GUUCUKQE\" data-original=\"https:\/\/s3.amazonaws.com\/arc-wordpress-client-uploads\/infobae-wp\/wp-content\/uploads\/2019\/06\/25112702\/Isabel-Sarli-14.jpg\" \/><\/p>\n<div class=\"shares share-holder\">\n<div class=\"share-button facebook\" data-url=\"https:\/\/www.infobae.com\/teleshow\/fotos-teleshow\/2019\/06\/25\/15-posters-emblematicos-de-las-peliculas-de-isabel-sarli\/%23SBTMQEXLXJANNBOGH5GUUCUKQE\" data-original=\"https:\/\/s3.amazonaws.com\/arc-wordpress-client-uploads\/infobae-wp\/wp-content\/uploads\/2019\/06\/25112702\/Isabel-Sarli-14.jpg\"><\/div>\n<\/div>\n<\/div>\n<p class=\"caption\">Mis d\u00edas con gloria fue su ante\u00faltima pel\u00edcula. Se estren\u00f3 en el 2010 con direcci\u00f3n de Juan Jos\u00e9 Jusid. En el filme, cumpli\u00f3 su sue\u00f1o de actuar con su hija Isabelita<\/p>\n<\/figure>\n<\/div>\n","protected":false},"excerpt":{"rendered":"<p>Sabaleros, la segunda pel\u00edcula que hizo Isabel, en 1959, con Armando B\u00f3 como director. Un a\u00f1o antes hab\u00edan hecho juntos El trueno en las hojas Favela, tambi\u00e9n con Armando B\u00f3, se estren\u00f3 en 1961 y fue una co producci\u00f3n con Brasil En 1964 la Coca hizo tambi\u00e9n en co producci\u00f3n con Brasil y con direcci\u00f3n [&hellip;]<\/p>\n","protected":false},"author":1,"featured_media":28899,"comment_status":"closed","ping_status":"closed","sticky":false,"template":"","format":"standard","meta":{"footnotes":""},"categories":[4],"tags":[],"class_list":["post-28898","post","type-post","status-publish","format-standard","has-post-thumbnail","hentry","category-espectaculos"],"_links":{"self":[{"href":"http:\/\/informateesquina.com\/index.php?rest_route=\/wp\/v2\/posts\/28898","targetHints":{"allow":["GET"]}}],"collection":[{"href":"http:\/\/informateesquina.com\/index.php?rest_route=\/wp\/v2\/posts"}],"about":[{"href":"http:\/\/informateesquina.com\/index.php?rest_route=\/wp\/v2\/types\/post"}],"author":[{"embeddable":true,"href":"http:\/\/informateesquina.com\/index.php?rest_route=\/wp\/v2\/users\/1"}],"replies":[{"embeddable":true,"href":"http:\/\/informateesquina.com\/index.php?rest_route=%2Fwp%2Fv2%2Fcomments&post=28898"}],"version-history":[{"count":0,"href":"http:\/\/informateesquina.com\/index.php?rest_route=\/wp\/v2\/posts\/28898\/revisions"}],"wp:featuredmedia":[{"embeddable":true,"href":"http:\/\/informateesquina.com\/index.php?rest_route=\/"}],"wp:attachment":[{"href":"http:\/\/informateesquina.com\/index.php?rest_route=%2Fwp%2Fv2%2Fmedia&parent=28898"}],"wp:term":[{"taxonomy":"category","embeddable":true,"href":"http:\/\/informateesquina.com\/index.php?rest_route=%2Fwp%2Fv2%2Fcategories&post=28898"},{"taxonomy":"post_tag","embeddable":true,"href":"http:\/\/informateesquina.com\/index.php?rest_route=%2Fwp%2Fv2%2Ftags&post=28898"}],"curies":[{"name":"wp","href":"https:\/\/api.w.org\/{rel}","templated":true}]}}