{"id":28903,"date":"2019-06-25T18:45:55","date_gmt":"2019-06-25T21:45:55","guid":{"rendered":"https:\/\/informateesquina.com\/?p=28903"},"modified":"2019-06-25T18:45:55","modified_gmt":"2019-06-25T21:45:55","slug":"oscar-ruggeri-se-ofrecio-a-ocupar-el-puesto-de-cesar-luis-menotti-en-la-seleccion","status":"publish","type":"post","link":"http:\/\/informateesquina.com\/?p=28903","title":{"rendered":"Oscar Ruggeri se ofreci\u00f3 a ocupar el puesto de C\u00e9sar Luis Menotti en la Selecci\u00f3n"},"content":{"rendered":"<div class=\"row pb-content-type-text\">\n<div class=\"col-xs-12 col-print-12\">\n<p class=\"element element-paragraph\">En el umbral del encuentro de<strong>\u00a0Argentina y Venezuela<\/strong>\u00a0por los\u00a0<a href=\"https:\/\/www.infobae.com\/deportes-2\/copa-america-2019\/2019\/06\/23\/asi-esta-el-cuadro-de-cuartos-de-final-de-la-copa-america\/\" target=\"_blank\" rel=\"noopener noreferrer\">cuartos de final de la\u00a0<strong>Copa Am\u00e9rica<\/strong><\/a>,\u00a0<strong>Oscar Ruggeri<\/strong>\u00a0sorprendi\u00f3 con una declaraci\u00f3n que hizo ruido en la concentraci\u00f3n del combinado nacional en R\u00edo de Janeiro. El ex zaguero, campe\u00f3n del mundo en el Mundial de M\u00e9xico 1986,\u00a0<strong>se ofreci\u00f3 para ocupar el puesto de C\u00e9sar Luis Menotti como Director de Selecciones<\/strong>.<\/p>\n<div class=\"row pb-content-type-image\">\n<figure class=\"element element-image col-xs-12\">\n<div class=\"single-image\"><img decoding=\"async\" id=\"3LRG53NBBBFEFOMCIJP3AE4ZIQ\" class=\"image-lazy\" src=\"https:\/\/www.infobae.com\/new-resizer\/mBUh8i0zkDpQZaKjaxzCSDX3rIs=\/750x0\/filters:quality(100)\/s3.amazonaws.com\/arc-wordpress-client-uploads\/infobae-wp\/wp-content\/uploads\/2019\/03\/28152823\/Ruggeri-y-Menotti.jpg\" alt=\"\" width=\"750\" height=\"421.875\" data-url=\"https:\/\/www.infobae.com\/deportes-2\/copa-america-2019\/2019\/06\/25\/sorpresa-oscar-ruggeri-se-ofrecio-a-ocupar-el-puesto-de-cesar-luis-menotti-en-la-seleccion\/%233LRG53NBBBFEFOMCIJP3AE4ZIQ\" data-original=\"https:\/\/www.infobae.com\/new-resizer\/mBUh8i0zkDpQZaKjaxzCSDX3rIs=\/750x0\/filters:quality(100)\/s3.amazonaws.com\/arc-wordpress-client-uploads\/infobae-wp\/wp-content\/uploads\/2019\/03\/28152823\/Ruggeri-y-Menotti.jpg\" \/><\/div><figcaption class=\"\"><\/figcaption><\/figure>\n<\/div>\n<div class=\"row pb-content-type-text\">\n<div class=\"col-xs-12 col-print-12\">\n<p class=\"element element-paragraph\">\n<\/div>\n<\/div>\n<\/div>\n<\/div>\n<div class=\"row pb-content-type-text\">\n<div class=\"col-xs-12 col-print-12\">\n<p class=\"element element-paragraph\"><strong>&#8220;\u00bfSi Menotti deja de ser el manager, vos present\u00e1s un proyecto?&#8221;<\/strong>, le pregunt\u00f3\u00a0<strong>Sebasti\u00e1n Vignolo<\/strong>\u00a0en<em>\u00a0Fox Sports<\/em>, con el mar de fondo.\u00a0<strong>&#8220;Claro, inmediatamente. Basta. Yo nunca tuve la oportunidad<\/strong>, cuando Diego -por Maradona- no me dejaron llegar&#8221;, se\u00f1al\u00f3 el &#8220;Cabez\u00f3n&#8221;, de 57 a\u00f1os. En aquella ocasi\u00f3n, cuando el &#8220;Diez&#8221; era el entrenador de Argentina en el proceso que termin\u00f3 en el Mundial 2010, la traba para que Ruggeri fuera su ayudante de campo result\u00f3 que le hab\u00eda hecho un juicio a San Lorenzo. Y su presidente, Rafael Savino, era tesorero de la AFA, en consecuencia, Julio Grondona no quiso traicionar su lealtad.<\/p>\n<\/div>\n<\/div>\n<div class=\"row pb-content-type-text\">\n<div class=\"col-xs-12 col-print-12\">\n<p class=\"element element-paragraph\">&#8220;<strong>Muero por trabajar en la Selecci\u00f3n; no dirigir porque no estoy preparado, pero s\u00ed para lo otro<\/strong>, estar, estar con los juveniles, acompa\u00f1ar. Yo presento un proyecto, pero hoy hay gente trabajando&#8221;, apunt\u00f3, en relaci\u00f3n a Menotti.<\/p>\n<\/div>\n<\/div>\n<div class=\"row pb-content-type-text\">\n<div id=\"\" class=\"wrapper clearfix pb-feature pb-layout-item pb-f-ads-dfp left-align\">\n<div id=\"inline\" class=\"ad-slot\"><\/div>\n<\/div>\n<div class=\"col-xs-12 col-print-12\">\n<p class=\"element element-paragraph\"><em>El discurso de Ruggeri<\/em><\/p>\n<\/div>\n<\/div>\n<div class=\"row pb-content-type-text\">\n<div class=\"col-xs-12 col-print-12\">\n<p class=\"element element-paragraph\"><strong>Ruggeri\u00a0viene siendo cr\u00edtico de la tarea de Menotti<\/strong>, sobre todo, por su ausencia en los momentos claves. El &#8220;Flaco&#8221; no viaj\u00f3 a Brasil por razones de salud. &#8220;Est\u00e1 Menotti y no se le puede decir nada, nadie le puede decir nada. \u00bfPor qu\u00e9? Y hablan de m\u00ed, \u00bfque yo no puedo hablar? \u00a1Qu\u00e9 no voy a poder hablar! Dos finales del mundo jugu\u00e9, y \u00bfno voy a poder hablar? Dos Copa Am\u00e9rica gan\u00e9, \u00bfy qu\u00e9? \u00bfNo puedo hablar de la Selecci\u00f3n? C\u00f3mo no voy a hablar. Hablo porque no estoy ah\u00ed adentro. Si estuviera, hablar\u00eda con el t\u00e9cnico, como corresponde&#8221;, dijo a fines de marzo.<\/p>\n<\/div>\n<\/div>\n<div class=\"row pb-content-type-text\">\n<div class=\"col-xs-12 col-print-12\">\n<p class=\"element element-paragraph\">&#8220;<strong>Term\u00ednenla con el verso, hay que arreglar las cosas. \u00bfEl predio de AFA queda lejos? No queda lejos, agarr\u00e1 la autopista Ricchieri, un horario que no te joda, y vas a ver que no te queda lejos. And\u00e1 al predio y est\u00e1 con el equipo en los partidos<\/strong>&#8220;, agreg\u00f3 entonces.<\/p>\n<\/div>\n<\/div>\n<div class=\"row pb-content-type-text\">\n<div class=\"col-xs-12 col-print-12\">\n<p class=\"element element-paragraph\">Pues bien, el tambi\u00e9n bicampe\u00f3n de la Copa Am\u00e9rica (Chile 1991 y Ecuador 1993) hizo p\u00fablica su intenci\u00f3n. \u00bfSer\u00e1 escuchado por Claudio Tapia, titular de la Asociaci\u00f3n del F\u00fatbol Argentino?<\/p>\n<\/div>\n<\/div>\n","protected":false},"excerpt":{"rendered":"<p>En el umbral del encuentro de\u00a0Argentina y Venezuela\u00a0por los\u00a0cuartos de final de la\u00a0Copa Am\u00e9rica,\u00a0Oscar Ruggeri\u00a0sorprendi\u00f3 con una declaraci\u00f3n que hizo ruido en la concentraci\u00f3n del combinado nacional en R\u00edo de Janeiro. El ex zaguero, campe\u00f3n del mundo en el Mundial de M\u00e9xico 1986,\u00a0se ofreci\u00f3 para ocupar el puesto de C\u00e9sar Luis Menotti como Director de [&hellip;]<\/p>\n","protected":false},"author":1,"featured_media":28904,"comment_status":"closed","ping_status":"closed","sticky":false,"template":"","format":"standard","meta":{"footnotes":""},"categories":[3],"tags":[],"class_list":["post-28903","post","type-post","status-publish","format-standard","has-post-thumbnail","hentry","category-deportes"],"_links":{"self":[{"href":"http:\/\/informateesquina.com\/index.php?rest_route=\/wp\/v2\/posts\/28903","targetHints":{"allow":["GET"]}}],"collection":[{"href":"http:\/\/informateesquina.com\/index.php?rest_route=\/wp\/v2\/posts"}],"about":[{"href":"http:\/\/informateesquina.com\/index.php?rest_route=\/wp\/v2\/types\/post"}],"author":[{"embeddable":true,"href":"http:\/\/informateesquina.com\/index.php?rest_route=\/wp\/v2\/users\/1"}],"replies":[{"embeddable":true,"href":"http:\/\/informateesquina.com\/index.php?rest_route=%2Fwp%2Fv2%2Fcomments&post=28903"}],"version-history":[{"count":0,"href":"http:\/\/informateesquina.com\/index.php?rest_route=\/wp\/v2\/posts\/28903\/revisions"}],"wp:featuredmedia":[{"embeddable":true,"href":"http:\/\/informateesquina.com\/index.php?rest_route=\/"}],"wp:attachment":[{"href":"http:\/\/informateesquina.com\/index.php?rest_route=%2Fwp%2Fv2%2Fmedia&parent=28903"}],"wp:term":[{"taxonomy":"category","embeddable":true,"href":"http:\/\/informateesquina.com\/index.php?rest_route=%2Fwp%2Fv2%2Fcategories&post=28903"},{"taxonomy":"post_tag","embeddable":true,"href":"http:\/\/informateesquina.com\/index.php?rest_route=%2Fwp%2Fv2%2Ftags&post=28903"}],"curies":[{"name":"wp","href":"https:\/\/api.w.org\/{rel}","templated":true}]}}