{"id":28910,"date":"2019-06-25T18:53:26","date_gmt":"2019-06-25T21:53:26","guid":{"rendered":"https:\/\/informateesquina.com\/?p=28910"},"modified":"2019-06-25T18:53:26","modified_gmt":"2019-06-25T21:53:26","slug":"violencia-de-genero-las-violentas-amenazas-de-un-exitoso-empresario-a-dos-ex-novias","status":"publish","type":"post","link":"http:\/\/informateesquina.com\/?p=28910","title":{"rendered":"Violencia de g\u00e9nero: Las violentas amenazas de un exitoso empresario\u00a0a dos ex novias"},"content":{"rendered":"<div class=\"row pb-content-type-text\">\n<div class=\"col-xs-12 col-print-12\">\n<p class=\"element element-paragraph\"><em>\u2014<strong>Hac\u00e9 lo que se te cante el orto.\u00a0<\/strong><\/em><br \/>\n<em>\u2014Obvio, como siempre.\u00a0<\/em><strong><em>Mir\u00e1, hasta que no te vea suplicar arrodillada diciendo &#8216;por favor no me hagas m\u00e1s maldades&#8217;, no voy a parar.<\/em><\/strong><\/p>\n<\/div>\n<div class=\"teads-adCall\"><\/div>\n<\/div>\n<div class=\"row pb-content-type-text\">\n<div class=\"col-xs-12 col-print-12\">\n<p class=\"element element-paragraph\">Despu\u00e9s, silencio y sollozos. As\u00ed termina<strong>\u00a0un estremecedor audio de casi seis minutos\u00a0<\/strong>en donde qued\u00f3 registrada la pelea que tuvieron el s\u00e1bado pasado<strong>\u00a0Camila S<\/strong>., una modelo y estudiante de psicolog\u00eda de 22 a\u00f1os, y\u00a0<strong>Esteban Mallorca Tebaldi, un joven empresario porte\u00f1o de 32, su entonces novio.<\/strong><\/p>\n<\/div>\n<\/div>\n<div class=\"row pb-content-type-text\">\n<div class=\"col-xs-12 col-print-12\">\n<p class=\"element element-paragraph\">Esteban y Camila<strong>\u00a0ten\u00edan una relaci\u00f3n desde noviembre del a\u00f1o pasado<\/strong>\u00a0y hab\u00edan decidido convivir desde enero. Sin embargo, aunque la relaci\u00f3n comenz\u00f3 de forma id\u00edlica, no tardaron en surgir\u00a0<strong>las peleas y discusiones violentas<\/strong>, casi siempre motorizadas por los celos que \u00e9l ten\u00eda de ella.\u00a0<strong>La pelea en la madrugada del s\u00e1bado pasado fue el final definitivo.\u00a0<\/strong><\/p>\n<\/div>\n<\/div>\n<div class=\"row pb-content-type-text\">\n<div class=\"col-xs-12 col-print-12\">\n<p class=\"element element-paragraph\">Camila decidi\u00f3\u00a0<strong>registrar la\u00a0violenta discusi\u00f3n con Esteban en su auto<\/strong>, seg\u00fan cont\u00f3 en su cuenta de Instagram,\u00a0luego de haberse\u00a0ido a los gritos y en medio de un esc\u00e1ndalo del cumplea\u00f1os de una amiga porque, supuestamente,\u00a0<strong>el novio de otra amiga en el lugar simplemente la hab\u00eda mirado.<\/strong>\u00a0En el audio que Camila grab\u00f3 a escondidas, Esteban la acusa de\u00a0<strong>&#8220;hacerle caritas&#8221; al chico y de &#8220;faltarle el respeto&#8221;<\/strong>\u00a0mientras golpea objetos, la insulta y la amenaza.<\/p>\n<\/div>\n<\/div>\n<div class=\"row pb-content-type-image\">\n<div id=\"\" class=\"wrapper clearfix pb-feature pb-layout-item pb-f-ads-dfp left-align\">\n<div id=\"inline\" class=\"ad-slot\">\n<div id=\"inline_ad\" data-google-query-id=\"COP9wozOheMCFYRgwQodA2oJug\">\n<div id=\"google_ads_iframe_\/1058609\/infobae\/sociedad\/policiales\/nota\/inline_0__container__\"><\/div>\n<\/div>\n<\/div>\n<\/div>\n<figure class=\"element element-image col-xs-12\">\n<div class=\"single-image\">\n<div class=\"shares\">\n<div class=\"share-button facebook\" data-url=\"https:\/\/www.infobae.com\/sociedad\/policiales\/2019\/06\/25\/escalofriante-audio-las-violentas-amenazas-de-un-joven-empresario-acusado-de-golpear-y-maltratar-a-dos-ex-novias\/%23KW63IP54QJD4XFQOO5TVM5326U\" data-original=\"https:\/\/s3.amazonaws.com\/arc-wordpress-client-uploads\/infobae-wp\/wp-content\/uploads\/2019\/06\/25122229\/camila-serra-blur-4.jpg\"><\/div>\n<\/div>\n<p><img decoding=\"async\" id=\"KW63IP54QJD4XFQOO5TVM5326U\" class=\"image-lazy\" src=\"https:\/\/www.infobae.com\/new-resizer\/b9YGwVUN0O7Jy2hRKCrya0YJju0=\/750x0\/filters:quality(100)\/s3.amazonaws.com\/arc-wordpress-client-uploads\/infobae-wp\/wp-content\/uploads\/2019\/06\/25122229\/camila-serra-blur-4.jpg\" alt=\"Camila radic\u00f3 la denuncia contra Esteban Mallorca Tebaldi en la Fiscal\u00eda N\u00b0 11 porte\u00f1a\" width=\"750\" height=\"750.0\" data-url=\"https:\/\/www.infobae.com\/sociedad\/policiales\/2019\/06\/25\/escalofriante-audio-las-violentas-amenazas-de-un-joven-empresario-acusado-de-golpear-y-maltratar-a-dos-ex-novias\/%23KW63IP54QJD4XFQOO5TVM5326U\" data-original=\"https:\/\/www.infobae.com\/new-resizer\/b9YGwVUN0O7Jy2hRKCrya0YJju0=\/750x0\/filters:quality(100)\/s3.amazonaws.com\/arc-wordpress-client-uploads\/infobae-wp\/wp-content\/uploads\/2019\/06\/25122229\/camila-serra-blur-4.jpg\" \/><\/p>\n<\/div><figcaption class=\"\"><span class=\"credit\">Camila radic\u00f3 la denuncia contra Esteban Mallorca Tebaldi en la Fiscal\u00eda N\u00b0 11 porte\u00f1a<\/span><\/figcaption><\/figure>\n<\/div>\n<div class=\"row pb-content-type-text\">\n<div class=\"col-xs-12 col-print-12\">\n<p class=\"element element-paragraph\"><strong>&#8220;Me salud\u00f3 con un asco. \u00bfSab\u00e9s c\u00f3mo lo puse pillo? &#8216;Puto&#8217;, le dije.\u00a0\u00a1A m\u00ed me salud\u00e1s como corresponde, la concha de tu madre! Le dije: &#8216;\u00bfqui\u00e9n sos? \u00bfqui\u00e9n te conoce? A m\u00ed me respetan, eh'&#8221;<\/strong>, se escucha en la grabaci\u00f3n entre \u00e9l, completamente desencajado, y ella, llorando y pidiendo que por favor basta.<\/p>\n<\/div>\n<\/div>\n<div class=\"row pb-content-type-text\">\n<div class=\"col-xs-12 col-print-12\">\n<p class=\"element element-paragraph\">&#8220;A m\u00ed ven\u00eds, me salud\u00e1s con respeto y me dec\u00eds qu\u00e9 quiero tomar.<br \/>\n<strong>Si me vas a llevar a un lugar, que me traten as\u00ed, como corresponde<\/strong>. Si no, que se banquen el vuelto&#8221;, sigue Esteban, iracundo por el episodio de esa noche, mientras\u00a0<strong>Camila le pide que maneje m\u00e1s despacio y le pregunta por qu\u00e9 est\u00e1 as\u00ed.<\/strong><\/p>\n<\/div>\n<\/div>\n<div class=\"row pb-content-type-text\">\n<div class=\"col-xs-12 col-print-12\">\n<p class=\"element element-paragraph\"><strong>&#8220;Ni a tu novia la trat\u00e1s bien, pero pretend\u00e9s que los dem\u00e1s te traten bien a vos&#8221;<\/strong>, le dice ella tratando de marcarle el sinsentido del reclamo.\u00a0<strong>&#8220;Obvio, si vos me faltaste el respeto&#8221;<\/strong>, le contesta\u00a0Mallorca.<\/p>\n<\/div>\n<\/div>\n<div class=\"row pb-content-type-text\">\n<div class=\"col-xs-12 col-print-12\">\n<p class=\"element element-paragraph\"><strong>&#8220;Dec\u00ed y hac\u00e9 lo que quieras. Esta es la \u00faltima vez que yo a vos te miro a los ojos&#8221;<\/strong>, le dijo Camila sobre el final de la pelea que qued\u00f3 registrada en un audio. &#8220;Preparate&#8221;, le retruca \u00e9l, y la amenaza:<strong>\u00a0&#8220;Te mato ahora, eh&#8221;.<\/strong><\/p>\n<\/div>\n<\/div>\n<div class=\"row pb-content-type-image\">\n<figure class=\"element element-image col-xs-12\">\n<div class=\"single-image\">\n<div class=\"shares\">\n<div class=\"share-button facebook\" data-url=\"https:\/\/www.infobae.com\/sociedad\/policiales\/2019\/06\/25\/escalofriante-audio-las-violentas-amenazas-de-un-joven-empresario-acusado-de-golpear-y-maltratar-a-dos-ex-novias\/%23EPWWLJ4RXBFEDCZFKTOPKPGKLQ\" data-original=\"https:\/\/s3.amazonaws.com\/arc-wordpress-client-uploads\/infobae-wp\/wp-content\/uploads\/2019\/06\/25134728\/esteban-mallorca-SF.jpg\"><\/div>\n<\/div>\n<p><img decoding=\"async\" id=\"EPWWLJ4RXBFEDCZFKTOPKPGKLQ\" class=\"image-lazy\" src=\"https:\/\/www.infobae.com\/new-resizer\/5ZkfY8AhxkgL5CbkM0q6cT-RLnE=\/750x0\/filters:quality(100)\/s3.amazonaws.com\/arc-wordpress-client-uploads\/infobae-wp\/wp-content\/uploads\/2019\/06\/25134728\/esteban-mallorca-SF.jpg\" alt=\"Esteban Mallorca Tebaldi tiene 32 a\u00f1os e integra el directorio de dos empresas familiares de asesoramiento legal y financiero\" width=\"750\" height=\"1009.1984231274639\" data-url=\"https:\/\/www.infobae.com\/sociedad\/policiales\/2019\/06\/25\/escalofriante-audio-las-violentas-amenazas-de-un-joven-empresario-acusado-de-golpear-y-maltratar-a-dos-ex-novias\/%23EPWWLJ4RXBFEDCZFKTOPKPGKLQ\" data-original=\"https:\/\/www.infobae.com\/new-resizer\/5ZkfY8AhxkgL5CbkM0q6cT-RLnE=\/750x0\/filters:quality(100)\/s3.amazonaws.com\/arc-wordpress-client-uploads\/infobae-wp\/wp-content\/uploads\/2019\/06\/25134728\/esteban-mallorca-SF.jpg\" \/><\/p>\n<\/div><figcaption class=\"\"><span class=\"credit\">Esteban Mallorca Tebaldi tiene 32 a\u00f1os e integra el directorio de dos empresas familiares de asesoramiento legal y financiero<\/span><\/figcaption><\/figure>\n<\/div>\n<div class=\"row pb-content-type-text\">\n<div class=\"col-xs-12 col-print-12\">\n<p class=\"element element-paragraph\"><strong>&#8220;Nunca cre\u00ed que iba a tener que caer en compartir algo as\u00ed&#8221;<\/strong>, escribi\u00f3 entonces este domingo Camila en una publicaci\u00f3n en su cuenta de Instagram, junto a una serie de fotos de\u00a0lesiones en su cara y su cuerpo y recortes del audio de la pelea. El posteo acumula<strong>\u00a0casi 30 mil likes<\/strong>\u00a0hasta hoy.<\/p>\n<\/div>\n<\/div>\n<div class=\"row pb-content-type-text\">\n<div class=\"col-xs-12 col-print-12\">\n<p class=\"element element-paragraph\">En el texto que acompa\u00f1a la foto, Camila denunci\u00f3 que Esteban la golpe\u00f3 y ahorc\u00f3 con sus manos.\u00a0<strong>&#8220;Salgo viva de casualidad porque \u00e9l se resbala del ba\u00f1o mientras me ahorcaba y puedo escaparme&#8221;<\/strong>, escribi\u00f3.\u00a0Tambi\u00e9n\u00a0agreg\u00f3 detalles del tiempo que pas\u00f3 con \u00e9l como su novia y dijo que viv\u00eda controlada, alejada de sus amigas y abocada a la casa que compart\u00edan.<\/p>\n<\/div>\n<\/div>\n<div class=\"row pb-content-type-image\">\n<figure class=\"element element-image col-xs-12\">\n<div class=\"single-image\">\n<div class=\"shares\">\n<div class=\"share-button facebook\" data-url=\"https:\/\/www.infobae.com\/sociedad\/policiales\/2019\/06\/25\/escalofriante-audio-las-violentas-amenazas-de-un-joven-empresario-acusado-de-golpear-y-maltratar-a-dos-ex-novias\/%23C4D22BUKRVBRJHINTJDGQSTTLA\" data-original=\"https:\/\/s3.amazonaws.com\/arc-wordpress-client-uploads\/infobae-wp\/wp-content\/uploads\/2019\/06\/25140037\/camila-serra-1920-blur-2.jpg\"><\/div>\n<\/div>\n<p><img decoding=\"async\" id=\"C4D22BUKRVBRJHINTJDGQSTTLA\" class=\"image-lazy\" src=\"https:\/\/www.infobae.com\/new-resizer\/OZhMsTn8XR3uwvGOBZ5lpjNZfAo=\/750x0\/filters:quality(100)\/s3.amazonaws.com\/arc-wordpress-client-uploads\/infobae-wp\/wp-content\/uploads\/2019\/06\/25140037\/camila-serra-1920-blur-2.jpg\" alt=\"Camila y Natalia, sus dos ex novias, lo acusaron por redes sociales de ser violento y golpeador\" width=\"750\" height=\"421.42857142857144\" data-url=\"https:\/\/www.infobae.com\/sociedad\/policiales\/2019\/06\/25\/escalofriante-audio-las-violentas-amenazas-de-un-joven-empresario-acusado-de-golpear-y-maltratar-a-dos-ex-novias\/%23C4D22BUKRVBRJHINTJDGQSTTLA\" data-original=\"https:\/\/www.infobae.com\/new-resizer\/OZhMsTn8XR3uwvGOBZ5lpjNZfAo=\/750x0\/filters:quality(100)\/s3.amazonaws.com\/arc-wordpress-client-uploads\/infobae-wp\/wp-content\/uploads\/2019\/06\/25140037\/camila-serra-1920-blur-2.jpg\" \/><\/p>\n<\/div><figcaption class=\"\"><span class=\"credit\">Camila y Natalia, sus dos ex novias, lo acusaron por redes sociales de ser violento y golpeador<\/span><\/figcaption><\/figure>\n<\/div>\n<div class=\"row pb-content-type-text\">\n<div class=\"col-xs-12 col-print-12\">\n<p class=\"element element-paragraph\">Despu\u00e9s de la discusi\u00f3n, Camila pas\u00f3 el fin de semana en el Sanatorio\u00a0Dupuytren de Almagro, desde donde radic\u00f3 una denuncia que qued\u00f3 en manos de la\u00a0<strong>Fiscal\u00eda N\u00b0 11\u00a0<\/strong>de la ciudad, a cargo de la doctora Andrea Scanga junto a<strong>\u00a0Mariana Barbitta,<\/strong>presidenta de la Asociaci\u00f3n de Mujeres Penalistas de Argentina (AMPA), que se constituir\u00e1 como querellante en los pr\u00f3ximos d\u00edas, seg\u00fan confirm\u00f3 Barbitta a<strong>Infobae.<\/strong><\/p>\n<\/div>\n<\/div>\n<div class=\"row pb-content-type-text\">\n<div class=\"col-xs-12 col-print-12\">\n<p class=\"element element-paragraph\">Ante el revuelo que provoc\u00f3 la publicaci\u00f3n del audio de Camila, apareci\u00f3 otro testimonio sobre el car\u00e1cter violento de Mallorca Tebaldi. Es el de\u00a0<strong>Natalia Cometto<\/strong>, su anterior pareja. Ella\u00a0lo hab\u00eda conocido en\u00a0enero de 2017 a trav\u00e9s de amigos en com\u00fan y la relaci\u00f3n, que dur\u00f3 aproximadamente un a\u00f1o,<strong>\u00a0tom\u00f3 el mismo rumbo que la que mantuvo despu\u00e9s con Camila.<\/strong><\/p>\n<\/div>\n<\/div>\n<div class=\"row pb-content-type-image\">\n<figure class=\"element element-image col-xs-12\">\n<div class=\"single-image\">\n<div class=\"shares\">\n<div class=\"share-button facebook\" data-url=\"https:\/\/www.infobae.com\/sociedad\/policiales\/2019\/06\/25\/escalofriante-audio-las-violentas-amenazas-de-un-joven-empresario-acusado-de-golpear-y-maltratar-a-dos-ex-novias\/%23NLICQQGWLJH6VCP4GRQTCFEVG4\" data-original=\"https:\/\/s3.amazonaws.com\/arc-wordpress-client-uploads\/infobae-wp\/wp-content\/uploads\/2019\/06\/25133831\/esteban-m-4.jpg\"><\/div>\n<\/div>\n<p><img decoding=\"async\" id=\"NLICQQGWLJH6VCP4GRQTCFEVG4\" class=\"image-lazy\" src=\"https:\/\/www.infobae.com\/new-resizer\/4I-1TFP1Y-BES9X5WC_8lieZG6M=\/750x0\/filters:quality(100)\/s3.amazonaws.com\/arc-wordpress-client-uploads\/infobae-wp\/wp-content\/uploads\/2019\/06\/25133831\/esteban-m-4.jpg\" alt=\"Natalia Cometto convivi\u00f3 un a\u00f1o con Mallorca Tebaldi hasta que decidi\u00f3 irse del pa\u00eds, cansada de los maltratos\" width=\"750\" height=\"837.5\" data-url=\"https:\/\/www.infobae.com\/sociedad\/policiales\/2019\/06\/25\/escalofriante-audio-las-violentas-amenazas-de-un-joven-empresario-acusado-de-golpear-y-maltratar-a-dos-ex-novias\/%23NLICQQGWLJH6VCP4GRQTCFEVG4\" data-original=\"https:\/\/www.infobae.com\/new-resizer\/4I-1TFP1Y-BES9X5WC_8lieZG6M=\/750x0\/filters:quality(100)\/s3.amazonaws.com\/arc-wordpress-client-uploads\/infobae-wp\/wp-content\/uploads\/2019\/06\/25133831\/esteban-m-4.jpg\" \/><\/p>\n<\/div><figcaption class=\"\"><span class=\"credit\">Natalia Cometto convivi\u00f3 un a\u00f1o con Mallorca Tebaldi hasta que decidi\u00f3 irse del pa\u00eds, cansada de los maltratos<\/span><\/figcaption><\/figure>\n<\/div>\n<div class=\"row pb-content-type-text\">\n<div class=\"col-xs-12 col-print-12\">\n<p class=\"element element-paragraph\"><strong>&#8220;Al principio me trataba como una princesa. Era el m\u00e1s dulce del mundo.<\/strong>\u00a0Al poco tiempo de conocernos nos mudamos juntos y a medida que fueron pasando los meses<strong>\u00a0empezaron estos ataques de locura<\/strong>&#8220;, cont\u00f3 Natalia, y dijo que los motivos de las peleas iban desde celos hasta insignificancias como no haberse despertado a horario para pasear a su perro.\u00a0<strong>&#8220;Yo no entiendo c\u00f3mo ella se anim\u00f3 a grabarlo porque a m\u00ed una vez me rompi\u00f3 un tel\u00e9fono contra la pared&#8221;<\/strong>.<\/p>\n<\/div>\n<\/div>\n<div class=\"row pb-content-type-text\">\n<div class=\"col-xs-12 col-print-12\">\n<p class=\"element element-paragraph\">&#8220;Despu\u00e9s<strong>\u00a0me bloqueaba, no me hablaba un d\u00eda entero, y al d\u00eda siguiente otra vez paz y amor.<\/strong>\u00a0&#8216;Perd\u00f3n, estaba nervioso, no lo voy a volver a hacer&#8217;.\u00a0Hay mucha gente que vio en persona estas situaciones.\u00a0<strong>No pod\u00edamos salir a la noche porque me daba verg\u00fcenza que vean todo el show que \u00e9l me hac\u00eda<\/strong>&#8220;, recuerda Natalia.<\/p>\n<\/div>\n<\/div>\n<div class=\"row pb-content-type-text\">\n<div class=\"col-xs-12 col-print-12\">\n<p class=\"element element-paragraph\">&#8220;Si pasaba un tipo y me saludaba, me agarraba, me llevaba en el auto manejando a toda velocidad, maltrat\u00e1ndome psicol\u00f3gicamente, diciendo que soy una puta, que ya\u00a0iba a ver lo que me esperaba en la casa.\u00a0<strong>Me manipulaba tanto que hasta me hac\u00eda pensar que yo realmente ten\u00eda la culpa y no \u00e9l<\/strong>&#8220;, contin\u00faa.<\/p>\n<\/div>\n<\/div>\n<div class=\"row pb-content-type-image\">\n<figure class=\"element element-image col-xs-12\">\n<div class=\"single-image\">\n<div class=\"shares\">\n<div class=\"share-button facebook\" data-url=\"https:\/\/www.infobae.com\/sociedad\/policiales\/2019\/06\/25\/escalofriante-audio-las-violentas-amenazas-de-un-joven-empresario-acusado-de-golpear-y-maltratar-a-dos-ex-novias\/%23NSEZX4LF6BCLFJG36WGPB7RNBI\" data-original=\"https:\/\/s3.amazonaws.com\/arc-wordpress-client-uploads\/infobae-wp\/wp-content\/uploads\/2019\/06\/25133816\/esteban-m-2.jpg\"><\/div>\n<\/div>\n<p><img decoding=\"async\" id=\"NSEZX4LF6BCLFJG36WGPB7RNBI\" class=\"image-lazy\" src=\"https:\/\/www.infobae.com\/new-resizer\/hHICCUrg1HD7X1xDZuw-bVLueAE=\/750x0\/filters:quality(100)\/s3.amazonaws.com\/arc-wordpress-client-uploads\/infobae-wp\/wp-content\/uploads\/2019\/06\/25133816\/esteban-m-2.jpg\" alt=\"Camila y Natalia se pusieron en contacto y compartieron lo que vivieron con Mallorca Tebaldi\" width=\"750\" height=\"1373.8819320214668\" data-url=\"https:\/\/www.infobae.com\/sociedad\/policiales\/2019\/06\/25\/escalofriante-audio-las-violentas-amenazas-de-un-joven-empresario-acusado-de-golpear-y-maltratar-a-dos-ex-novias\/%23NSEZX4LF6BCLFJG36WGPB7RNBI\" data-original=\"https:\/\/www.infobae.com\/new-resizer\/hHICCUrg1HD7X1xDZuw-bVLueAE=\/750x0\/filters:quality(100)\/s3.amazonaws.com\/arc-wordpress-client-uploads\/infobae-wp\/wp-content\/uploads\/2019\/06\/25133816\/esteban-m-2.jpg\" \/><\/p>\n<\/div><figcaption class=\"\"><span class=\"credit\">Camila y Natalia se pusieron en contacto y compartieron lo que vivieron con Mallorca Tebaldi<\/span><\/figcaption><\/figure>\n<\/div>\n<div class=\"row pb-content-type-text\">\n<div class=\"col-xs-12 col-print-12\">\n<p class=\"element element-paragraph\">A fines de 2017, Natalia se fue del departamento que compart\u00edan, luego se fue de vacaciones y decidi\u00f3 no volver al pa\u00eds:\u00a0<strong>&#8220;Estuvo un\u00a0a\u00f1o llam\u00e1ndome. Me dec\u00eda &#8216;atendeme o me suicido'&#8221;.\u00a0<\/strong><\/p>\n<\/div>\n<\/div>\n<div class=\"row pb-content-type-text\">\n<div class=\"col-xs-12 col-print-12\">\n<p class=\"element element-paragraph\">Camila y Natalia se pusieron en contacto de inmediato entre ellas y compartieron las similitudes del infierno que las dos vivieron junto a Esteban.\u00a0<strong>&#8220;Sab\u00e9s las veces que sent\u00eda necesidad de hablarte y preguntarte c\u00f3mo era con vos&#8221;<\/strong>, le escribi\u00f3 Camila. &#8220;Jam\u00e1s me hab\u00eda golpeado as\u00ed&#8221;.<\/p>\n<\/div>\n<\/div>\n<div class=\"row pb-content-type-text\">\n<div class=\"col-xs-12 col-print-12\">\n<p class=\"element element-paragraph\">Tras la denuncia, fuentes policiales confirmaron a\u00a0<strong>Infobae<\/strong>\u00a0que Mallorca es<strong>\u00a0monitoreado desde este lunes con una tobillera electr\u00f3nica<\/strong>\u00a0a cargo de la Divisi\u00f3n Monitoreo de Alarmas Fijas y M\u00f3viles de la Polic\u00eda de la Ciudad.<\/p>\n<\/div>\n<\/div>\n<div class=\"row pb-content-type-text\">\n<div class=\"col-xs-12 col-print-12\">\n<p class=\"element element-paragraph\">El empresario \u2013a diferencia de lo que hizo Rodrigo Eguillor, el joven hijo de una fiscal de Lomas de Zamora\u00a0denunciado por violaci\u00f3n-\u00a0<strong>desapareci\u00f3 de las redes sociales y prefiri\u00f3 guardar, por ahora, silencio.\u00a0<\/strong><\/p>\n<\/div>\n<\/div>\n<div class=\"row pb-content-type-text\">\n<div class=\"col-xs-12 col-print-12\">\n<p class=\"element element-paragraph\">Ante la consulta de este medio, Esteban respondi\u00f3 breve y colg\u00f3:\u00a0<strong>&#8220;No voy a dar declaraciones, lo manejan mis abogados&#8221;.<\/strong><\/p>\n<\/div>\n<\/div>\n","protected":false},"excerpt":{"rendered":"<p>\u2014Hac\u00e9 lo que se te cante el orto.\u00a0 \u2014Obvio, como siempre.\u00a0Mir\u00e1, hasta que no te vea suplicar arrodillada diciendo &#8216;por favor no me hagas m\u00e1s maldades&#8217;, no voy a parar. Despu\u00e9s, silencio y sollozos. As\u00ed termina\u00a0un estremecedor audio de casi seis minutos\u00a0en donde qued\u00f3 registrada la pelea que tuvieron el s\u00e1bado pasado\u00a0Camila S., una modelo [&hellip;]<\/p>\n","protected":false},"author":1,"featured_media":28911,"comment_status":"closed","ping_status":"closed","sticky":false,"template":"","format":"video","meta":{"footnotes":""},"categories":[8],"tags":[],"class_list":["post-28910","post","type-post","status-publish","format-video","has-post-thumbnail","hentry","category-policiales","post_format-post-format-video"],"_links":{"self":[{"href":"http:\/\/informateesquina.com\/index.php?rest_route=\/wp\/v2\/posts\/28910","targetHints":{"allow":["GET"]}}],"collection":[{"href":"http:\/\/informateesquina.com\/index.php?rest_route=\/wp\/v2\/posts"}],"about":[{"href":"http:\/\/informateesquina.com\/index.php?rest_route=\/wp\/v2\/types\/post"}],"author":[{"embeddable":true,"href":"http:\/\/informateesquina.com\/index.php?rest_route=\/wp\/v2\/users\/1"}],"replies":[{"embeddable":true,"href":"http:\/\/informateesquina.com\/index.php?rest_route=%2Fwp%2Fv2%2Fcomments&post=28910"}],"version-history":[{"count":0,"href":"http:\/\/informateesquina.com\/index.php?rest_route=\/wp\/v2\/posts\/28910\/revisions"}],"wp:featuredmedia":[{"embeddable":true,"href":"http:\/\/informateesquina.com\/index.php?rest_route=\/"}],"wp:attachment":[{"href":"http:\/\/informateesquina.com\/index.php?rest_route=%2Fwp%2Fv2%2Fmedia&parent=28910"}],"wp:term":[{"taxonomy":"category","embeddable":true,"href":"http:\/\/informateesquina.com\/index.php?rest_route=%2Fwp%2Fv2%2Fcategories&post=28910"},{"taxonomy":"post_tag","embeddable":true,"href":"http:\/\/informateesquina.com\/index.php?rest_route=%2Fwp%2Fv2%2Ftags&post=28910"}],"curies":[{"name":"wp","href":"https:\/\/api.w.org\/{rel}","templated":true}]}}