{"id":28975,"date":"2019-06-27T13:38:25","date_gmt":"2019-06-27T16:38:25","guid":{"rendered":"https:\/\/informateesquina.com\/?p=28975"},"modified":"2019-06-27T13:38:25","modified_gmt":"2019-06-27T16:38:25","slug":"tras-una-colecta-solidaria-entregaron-utiles-a-los-ninos-carenciados-de-dos-escuelas","status":"publish","type":"post","link":"http:\/\/informateesquina.com\/?p=28975","title":{"rendered":"Tras una colecta solidaria, entregaron \u00fatiles a los ni\u00f1os carenciados de dos escuelas"},"content":{"rendered":"<p>Se realiz\u00f3 una colecta solidaria de la Comisi\u00f3n de Padres del jard\u00edn y primaria del colegio Divino Salvador, con el apoyo de directivos y docentes.<br \/>\n\u201cLos chicos juntaron dinero en una alcanc\u00eda y fue con ese dinero que se compraron cuadernos, l\u00e1pices y gomas de borrar para los chicos m\u00e1s carenciados\u201d, explic\u00f3 Hugo Mancini, miembro de la Comisi\u00f3n.<\/p>\n<p>Hoy se entreg\u00f3 donaciones en la escuela Pablo Pizzurno y en la escuela N\u00b0621 \u201cElsa Elvira Pedemonte de Gratis, del paraje Scheweizer. Ma\u00f1ana se realizar\u00e1 una entrega en otros dos colegios y pr\u00f3ximamente iniciar\u00e1n con una donaci\u00f3n de ropa. \u201cPara agosto queremos hacer una movida m\u00e1s grande\u201d, cont\u00f3 Mancini.<\/p>\n<p><img loading=\"lazy\" decoding=\"async\" class=\"alignnone size-medium wp-image-28977\" src=\"https:\/\/informateesquina.com\/wp-content\/uploads\/2019\/06\/IMG-20190627-WA0050-300x225.jpg\" alt=\"\" width=\"300\" height=\"225\" \/> <img loading=\"lazy\" decoding=\"async\" class=\"alignnone size-medium wp-image-28978\" src=\"https:\/\/informateesquina.com\/wp-content\/uploads\/2019\/06\/IMG-20190627-WA0049-300x225.jpg\" alt=\"\" width=\"300\" height=\"225\" \/> <img loading=\"lazy\" decoding=\"async\" class=\"alignnone size-medium wp-image-28979\" src=\"https:\/\/informateesquina.com\/wp-content\/uploads\/2019\/06\/IMG-20190627-WA0051-300x225.jpg\" alt=\"\" width=\"300\" height=\"225\" \/> <img loading=\"lazy\" decoding=\"async\" class=\"alignnone size-medium wp-image-28980\" src=\"https:\/\/informateesquina.com\/wp-content\/uploads\/2019\/06\/IMG-20190627-WA0036-300x225.jpg\" alt=\"\" width=\"300\" height=\"225\" \/> <img loading=\"lazy\" decoding=\"async\" class=\"alignnone size-medium wp-image-28981\" src=\"https:\/\/informateesquina.com\/wp-content\/uploads\/2019\/06\/IMG-20190627-WA0044-300x225.jpg\" alt=\"\" width=\"300\" height=\"225\" \/> <img loading=\"lazy\" decoding=\"async\" class=\"alignnone size-medium wp-image-28982\" src=\"https:\/\/informateesquina.com\/wp-content\/uploads\/2019\/06\/IMG-20190627-WA0046-300x225.jpg\" alt=\"\" width=\"300\" height=\"225\" \/> <img loading=\"lazy\" decoding=\"async\" class=\"alignnone size-medium wp-image-28983\" src=\"https:\/\/informateesquina.com\/wp-content\/uploads\/2019\/06\/IMG-20190627-WA0048-300x225.jpg\" alt=\"\" width=\"300\" height=\"225\" \/> <img loading=\"lazy\" decoding=\"async\" class=\"alignnone size-medium wp-image-28984\" src=\"https:\/\/informateesquina.com\/wp-content\/uploads\/2019\/06\/IMG-20190627-WA0047-1-300x225.jpg\" alt=\"\" width=\"300\" height=\"225\" \/><\/p>\n","protected":false},"excerpt":{"rendered":"<p>Se realiz\u00f3 una colecta solidaria de la Comisi\u00f3n de Padres del jard\u00edn y primaria del colegio Divino Salvador, con el apoyo de directivos y docentes. \u201cLos chicos juntaron dinero en una alcanc\u00eda y fue con ese dinero que se compraron cuadernos, l\u00e1pices y gomas de borrar para los chicos m\u00e1s carenciados\u201d, explic\u00f3 Hugo Mancini, miembro [&hellip;]<\/p>\n","protected":false},"author":1,"featured_media":28976,"comment_status":"closed","ping_status":"closed","sticky":false,"template":"","format":"standard","meta":{"footnotes":""},"categories":[6],"tags":[136],"class_list":["post-28975","post","type-post","status-publish","format-standard","has-post-thumbnail","hentry","category-locales","tag-destacados"],"_links":{"self":[{"href":"http:\/\/informateesquina.com\/index.php?rest_route=\/wp\/v2\/posts\/28975","targetHints":{"allow":["GET"]}}],"collection":[{"href":"http:\/\/informateesquina.com\/index.php?rest_route=\/wp\/v2\/posts"}],"about":[{"href":"http:\/\/informateesquina.com\/index.php?rest_route=\/wp\/v2\/types\/post"}],"author":[{"embeddable":true,"href":"http:\/\/informateesquina.com\/index.php?rest_route=\/wp\/v2\/users\/1"}],"replies":[{"embeddable":true,"href":"http:\/\/informateesquina.com\/index.php?rest_route=%2Fwp%2Fv2%2Fcomments&post=28975"}],"version-history":[{"count":0,"href":"http:\/\/informateesquina.com\/index.php?rest_route=\/wp\/v2\/posts\/28975\/revisions"}],"wp:featuredmedia":[{"embeddable":true,"href":"http:\/\/informateesquina.com\/index.php?rest_route=\/"}],"wp:attachment":[{"href":"http:\/\/informateesquina.com\/index.php?rest_route=%2Fwp%2Fv2%2Fmedia&parent=28975"}],"wp:term":[{"taxonomy":"category","embeddable":true,"href":"http:\/\/informateesquina.com\/index.php?rest_route=%2Fwp%2Fv2%2Fcategories&post=28975"},{"taxonomy":"post_tag","embeddable":true,"href":"http:\/\/informateesquina.com\/index.php?rest_route=%2Fwp%2Fv2%2Ftags&post=28975"}],"curies":[{"name":"wp","href":"https:\/\/api.w.org\/{rel}","templated":true}]}}