{"id":28987,"date":"2019-06-27T18:04:33","date_gmt":"2019-06-27T21:04:33","guid":{"rendered":"https:\/\/informateesquina.com\/?p=28987"},"modified":"2019-06-27T18:04:33","modified_gmt":"2019-06-27T21:04:33","slug":"citan-a-declarar-a-soto-davila-y-su-secretario-por-escuchas-ilegales","status":"publish","type":"post","link":"http:\/\/informateesquina.com\/?p=28987","title":{"rendered":"Citan a declarar a Soto D\u00e1vila y su secretario por escuchas ilegales"},"content":{"rendered":"<p>El juez federal Juan Carlos Vallejos cit\u00f3 a indagatoria como imputados al ex ma\u00adgistrado Carlos Vicente Soto D\u00e1vila y a su secretario pe\u00adnal, Pablo Molina, en el con\u00adtexto de la causa 1.952\/2019 en la que se los investiga por haber supuestamente reali\u00adzado intervenciones telef\u00f3\u00adnicas ilegales y por falsificar documentos oficiales.<\/p>\n<p>Los funcionarios deber\u00e1n presentarse el 10 de julio ante el titular del Juzgado Fe\u00adderal 2 de Corrientes, quien tramita una causa por los de\u00adlitos de \u201cviolaci\u00f3n de secre\u00adtos y la privacidad, abuso de autoridad, violaci\u00f3n de los deberes de funcionario p\u00fa\u00adblico y falsificaci\u00f3n ideol\u00f3\u00adgica de documento p\u00fablico\u201d.<\/p>\n<p>La abogada Mariana Bar\u00adbitta, representante de Soto D\u00e1vila, adelant\u00f3 que en las pr\u00f3ximas horas solicitar\u00e1 que se difiera la citaci\u00f3n debido a que la defensa es\u00adtar\u00eda impedida de asistir al ex juez. \u201cSe solicitar\u00eda una pr\u00f3rroga, porque existen impedimentos de \u00edndole la\u00adboral que dificultar\u00eda que la defensa asista a la audien\u00adcia\u201d, explic\u00f3.<\/p>\n<p>Respecto de las acusacio\u00adnes a su cliente indic\u00f3 que \u201cfue v\u00edctima de un abuso del principio de confianza por parte de su secretario\u201d, y con esto apunt\u00f3 directamente contra Pablo Molina, quien ejerc\u00eda como secretario pe\u00adnal en esa judicatura.<\/p>\n<p>La acusaci\u00f3n contra Soto D\u00e1vila y Molina fue realiza\u00adda por el Ministerio P\u00fablico Fiscal Federal y la Procu\u00adraci\u00f3n Contra la Narcocri\u00adminalidad (Procunar), que surge de una investigaci\u00f3n desprendida de la causa del Operativo Sapucay en la que se investig\u00f3 a tres bandas de narcotr\u00e1fico que operaban desde Itat\u00ed y que traficaban marihuana al menos a siete provincias argentinas.<\/p>\n<p>En ese marco se descu\u00adbrieron supuestas manio\u00adbras en el juzgado a cargo de Soto D\u00e1vila para el cobro de coimas a detenidos por cau\u00adsas narco a fin de liberarlos o mejorar su situaci\u00f3n pro\u00adcesal.<\/p>\n<p>En el contexto de esa in\u00advestigaci\u00f3n se incautaron adem\u00e1s casi 5.000 discos compactos con audios de conversaciones telef\u00f3nicas solicitadas por esa magistra\u00adtura, firmadas por el secreta\u00adrio Molina y con la anuencia del entonces juez titular, Soto D\u00e1vila.<\/p>\n<p><strong>TEL\u00c9FONOS PINCHADOS<\/strong><\/p>\n<p>Seg\u00fan la acusa\u00adci\u00f3n del Ministerio P\u00fablico Fiscal, en el Juzgado Federal N\u00ba 1 de Corrientes se ordenaban intervenciones directas a l\u00edneas telef\u00f3nicas de perso\u00adnas que carec\u00edan de relaci\u00f3n con causas judiciales y que ten\u00edan el inter\u00e9s personal de los funcionarios judiciales.<\/p>\n<p>Esas \u00f3rdenes se incorpo\u00adraban a expedientes de cau\u00adsas judiciales activas en las que se investigaban activi\u00addades de narcotr\u00e1fico.<\/p>\n<p>De esta manera se habr\u00edan obtenido grabaciones de las conversaciones de manera ilegal.<\/p>\n<p>Una de las afectadas por estas acciones habr\u00eda sido una mujer que manten\u00eda una relaci\u00f3n sentimental con Molina y debido a que \u00e9ste supon\u00eda que era enga\u00f1ado utiliz\u00f3 esta maniobra para \u201cespiarla\u201d.<\/p>\n<p>Ante esta situaci\u00f3n se ini\u00adci\u00f3 una causa judicial en la que est\u00e1n imputados Molina y Soto D\u00e1vila, ya que rubri\u00adcaron esos escritos.<\/p>\n<p>Los ex funcionarios in\u00advolucrados en esta causa adem\u00e1s est\u00e1n imputados en otra que es tramitada en el Juzgado Federal N\u00ba 12 de la Ciudad Aut\u00f3noma de Bue\u00adnos Aires, en las que se los investiga por presunto cobro de coimas, por medio de un grupo de abogados, a invo\u00adlucrados en causas judiciales por tr\u00e1fico de drogas con el fin de mejorar su situaci\u00f3n procesal, o bien otorgarles la libertad. Por estas acciones ambos fueron detenidos, pero luego se les dio la ex\u00adcarcelaci\u00f3n.<\/p>\n<p>Por otra parte, Pablo Moli\u00adna tambi\u00e9n est\u00e1 investigado por la posible entrega irre\u00adgular de veh\u00edculos de alta gama secuestrados por la Justicia.<\/p>\n<p>Fuente: Norte de Corrientes.<\/p>\n","protected":false},"excerpt":{"rendered":"<p>El juez federal Juan Carlos Vallejos cit\u00f3 a indagatoria como imputados al ex ma\u00adgistrado Carlos Vicente Soto D\u00e1vila y a su secretario pe\u00adnal, Pablo Molina, en el con\u00adtexto de la causa 1.952\/2019 en la que se los investiga por haber supuestamente reali\u00adzado intervenciones telef\u00f3\u00adnicas ilegales y por falsificar documentos oficiales. Los funcionarios deber\u00e1n presentarse el [&hellip;]<\/p>\n","protected":false},"author":1,"featured_media":28988,"comment_status":"closed","ping_status":"closed","sticky":false,"template":"","format":"standard","meta":{"footnotes":""},"categories":[10],"tags":[],"class_list":["post-28987","post","type-post","status-publish","format-standard","has-post-thumbnail","hentry","category-provinciales"],"_links":{"self":[{"href":"http:\/\/informateesquina.com\/index.php?rest_route=\/wp\/v2\/posts\/28987","targetHints":{"allow":["GET"]}}],"collection":[{"href":"http:\/\/informateesquina.com\/index.php?rest_route=\/wp\/v2\/posts"}],"about":[{"href":"http:\/\/informateesquina.com\/index.php?rest_route=\/wp\/v2\/types\/post"}],"author":[{"embeddable":true,"href":"http:\/\/informateesquina.com\/index.php?rest_route=\/wp\/v2\/users\/1"}],"replies":[{"embeddable":true,"href":"http:\/\/informateesquina.com\/index.php?rest_route=%2Fwp%2Fv2%2Fcomments&post=28987"}],"version-history":[{"count":0,"href":"http:\/\/informateesquina.com\/index.php?rest_route=\/wp\/v2\/posts\/28987\/revisions"}],"wp:featuredmedia":[{"embeddable":true,"href":"http:\/\/informateesquina.com\/index.php?rest_route=\/"}],"wp:attachment":[{"href":"http:\/\/informateesquina.com\/index.php?rest_route=%2Fwp%2Fv2%2Fmedia&parent=28987"}],"wp:term":[{"taxonomy":"category","embeddable":true,"href":"http:\/\/informateesquina.com\/index.php?rest_route=%2Fwp%2Fv2%2Fcategories&post=28987"},{"taxonomy":"post_tag","embeddable":true,"href":"http:\/\/informateesquina.com\/index.php?rest_route=%2Fwp%2Fv2%2Ftags&post=28987"}],"curies":[{"name":"wp","href":"https:\/\/api.w.org\/{rel}","templated":true}]}}