{"id":29005,"date":"2019-06-27T19:24:25","date_gmt":"2019-06-27T22:24:25","guid":{"rendered":"https:\/\/informateesquina.com\/?p=29005"},"modified":"2019-06-27T19:24:25","modified_gmt":"2019-06-27T22:24:25","slug":"asumio-violeta-vanderlan-en-remplazo-de-ruben-suarez","status":"publish","type":"post","link":"http:\/\/informateesquina.com\/?p=29005","title":{"rendered":"Asumi\u00f3 Violeta Vanderlan en remplazo de Rub\u00e9n Su\u00e1rez"},"content":{"rendered":"<p><strong><span class=\"dropcap small square\">E<\/span><\/strong>n la sesi\u00f3n del Senado de esta ma\u00f1ana, asumi\u00f3 en el lugar de Rub\u00e9n Su\u00e1rez, la directora del Consejo Provincial de la Mujer Violeta Vanderlan. Estar\u00e1 en el cargo hasta fin de a\u00f1o, ya que este puesto hab\u00eda quedado ac\u00e9falo para complementar el mandato de\u00a0 Henry Fick cuando este \u00faltimo fue electo intendente de Mocoret\u00e1.<\/p>\n<p>Vanderlan era suplente en la lista, por lo que luego de la muerte de Su\u00e1rez, pas\u00f3 a asumir el cargo de senadora.<\/p>\n<p><img loading=\"lazy\" decoding=\"async\" class=\"aligncenter size-full wp-image-978476\" src=\"http:\/\/cdn5.diarioepoca.com\/wp-content\/uploads\/2019\/06\/417899.jpg\" alt=\"417899\" width=\"1000\" height=\"666\" \/><\/p>\n<p>A trav\u00e9s de su cuenta de twitter, el Presidente de la C\u00e1mara de Senadores el vicegobernador Gustavo Canteros, anunci\u00f3 que este mediod\u00eda asumi\u00f3 Violeta Vanderlan en remplazo de Rub\u00e9n Su\u00e1rez, el ex legislador provincial.<\/p>\n<p>\u2013<\/p>\n<div class=\"SandboxRoot env-bp-350\" data-twitter-event-id=\"0\">\n<div id=\"twitter-widget-2\" class=\"EmbeddedTweet EmbeddedTweet--cta EmbeddedTweet--mediaForward media-forward js-clickToOpenTarget js-tweetIdInfo tweet-InformationCircle-widgetParent\" lang=\"es\" data-click-to-open-target=\"https:\/\/twitter.com\/gacanteros\/status\/1144296843389603842\" data-iframe-title=\"Tweet de Twitter\" data-scribe=\"page:tweet\" data-tweet-id=\"1144296843389603842\" data-twitter-event-id=\"1\">\n<article class=\"MediaCard\n           MediaCard--mediaForward\n\n           customisable-border\" dir=\"ltr\" data-scribe=\"component:card\"><\/p>\n<div class=\"MediaCard-mediaContainer MediaCard--roundedTop js-cspForcedStyle\" data-scribe=\"element:photo_grid\" data-style=\"padding-bottom: 50%\">\n<div class=\"MediaCard-mediaAsset ImageGrid ImageGrid--4\"><a class=\"ImageGrid-image ImageGrid-image-0 CroppedImage CroppedImage--fillWidth\" href=\"https:\/\/twitter.com\/gacanteros\/status\/1144296843389603842\/photo\/1\"><img loading=\"lazy\" decoding=\"async\" class=\"CroppedImage-image js-cspForcedStyle\" title=\"Ver imagen en Twitter\" src=\"https:\/\/pbs.twimg.com\/media\/D-Fb5R2XUAAA_cd?format=jpg&amp;name=360x360\" alt=\"Ver imagen en Twitter\" width=\"869\" height=\"581\" data-image=\"https:\/\/pbs.twimg.com\/media\/D-Fb5R2XUAAA_cd\" data-style=\" top:-33%;\" \/><\/a><a class=\"ImageGrid-image ImageGrid-image-1 CroppedImage CroppedImage--fillWidth\" href=\"https:\/\/twitter.com\/gacanteros\/status\/1144296843389603842\/photo\/1\"><img loading=\"lazy\" decoding=\"async\" class=\"CroppedImage-image js-cspForcedStyle\" title=\"Ver imagen en Twitter\" src=\"https:\/\/pbs.twimg.com\/media\/D-Fb5R3WsAASuDo?format=jpg&amp;name=360x360\" alt=\"Ver imagen en Twitter\" width=\"1200\" height=\"800\" data-image=\"https:\/\/pbs.twimg.com\/media\/D-Fb5R3WsAASuDo\" data-style=\" top:-9%;\" \/><\/a><a class=\"ImageGrid-image ImageGrid-image-2 CroppedImage CroppedImage--fillWidth\" href=\"https:\/\/twitter.com\/gacanteros\/status\/1144296843389603842\/photo\/1\"><img loading=\"lazy\" decoding=\"async\" class=\"CroppedImage-image js-cspForcedStyle\" title=\"Ver imagen en Twitter\" src=\"https:\/\/pbs.twimg.com\/media\/D-Fb5R2WkAEfOIz?format=jpg&amp;name=360x360\" alt=\"Ver imagen en Twitter\" width=\"1200\" height=\"800\" data-image=\"https:\/\/pbs.twimg.com\/media\/D-Fb5R2WkAEfOIz\" data-style=\" top:-16%;\" \/><\/a><\/div>\n<\/div>\n<\/article>\n<div class=\"EmbeddedTweet-tweetContainer\">\n<div class=\"CallToAction-icon\" data-scribe=\"element:profile_icon\">\n<div class=\"Icon Icon--profileCTA \" title=\"Ver perfil en Twitter\" role=\"img\" aria-label=\"Ver perfil en Twitter\"><\/div>\n<\/div>\n<\/div>\n<div class=\"tweet-InformationCircle--top tweet-InformationCircle\" data-scribe=\"element:notice\"><img loading=\"lazy\" decoding=\"async\" class=\"alignnone size-medium wp-image-29006\" src=\"https:\/\/informateesquina.com\/wp-content\/uploads\/2019\/06\/sddddddddddd-300x267.jpg\" alt=\"\" width=\"300\" height=\"267\" \/><\/div>\n<div data-scribe=\"element:notice\">FUENTE: DIARIO NORTE<\/div>\n<\/div>\n<div class=\"resize-sensor\">\n<div class=\"resize-sensor-expand\">\n<div><\/div>\n<\/div>\n<div class=\"resize-sensor-shrink\">\n<div><\/div>\n<\/div>\n<\/div>\n<\/div>\n<p>&nbsp;<\/p>\n<p>\u2013<\/p>\n","protected":false},"excerpt":{"rendered":"<p>En la sesi\u00f3n del Senado de esta ma\u00f1ana, asumi\u00f3 en el lugar de Rub\u00e9n Su\u00e1rez, la directora del Consejo Provincial de la Mujer Violeta Vanderlan. Estar\u00e1 en el cargo hasta fin de a\u00f1o, ya que este puesto hab\u00eda quedado ac\u00e9falo para complementar el mandato de\u00a0 Henry Fick cuando este \u00faltimo fue electo intendente de Mocoret\u00e1. [&hellip;]<\/p>\n","protected":false},"author":1,"featured_media":29007,"comment_status":"closed","ping_status":"closed","sticky":false,"template":"","format":"standard","meta":{"footnotes":""},"categories":[10],"tags":[],"class_list":["post-29005","post","type-post","status-publish","format-standard","has-post-thumbnail","hentry","category-provinciales"],"_links":{"self":[{"href":"http:\/\/informateesquina.com\/index.php?rest_route=\/wp\/v2\/posts\/29005","targetHints":{"allow":["GET"]}}],"collection":[{"href":"http:\/\/informateesquina.com\/index.php?rest_route=\/wp\/v2\/posts"}],"about":[{"href":"http:\/\/informateesquina.com\/index.php?rest_route=\/wp\/v2\/types\/post"}],"author":[{"embeddable":true,"href":"http:\/\/informateesquina.com\/index.php?rest_route=\/wp\/v2\/users\/1"}],"replies":[{"embeddable":true,"href":"http:\/\/informateesquina.com\/index.php?rest_route=%2Fwp%2Fv2%2Fcomments&post=29005"}],"version-history":[{"count":0,"href":"http:\/\/informateesquina.com\/index.php?rest_route=\/wp\/v2\/posts\/29005\/revisions"}],"wp:featuredmedia":[{"embeddable":true,"href":"http:\/\/informateesquina.com\/index.php?rest_route=\/"}],"wp:attachment":[{"href":"http:\/\/informateesquina.com\/index.php?rest_route=%2Fwp%2Fv2%2Fmedia&parent=29005"}],"wp:term":[{"taxonomy":"category","embeddable":true,"href":"http:\/\/informateesquina.com\/index.php?rest_route=%2Fwp%2Fv2%2Fcategories&post=29005"},{"taxonomy":"post_tag","embeddable":true,"href":"http:\/\/informateesquina.com\/index.php?rest_route=%2Fwp%2Fv2%2Ftags&post=29005"}],"curies":[{"name":"wp","href":"https:\/\/api.w.org\/{rel}","templated":true}]}}