{"id":29009,"date":"2019-06-27T19:27:22","date_gmt":"2019-06-27T22:27:22","guid":{"rendered":"https:\/\/informateesquina.com\/?p=29009"},"modified":"2019-06-27T19:27:22","modified_gmt":"2019-06-27T22:27:22","slug":"santiago-bal-esta-internado-en-terapia-intensiva","status":"publish","type":"post","link":"http:\/\/informateesquina.com\/?p=29009","title":{"rendered":"Santiago Bal est\u00e1 internado en terapia intensiva"},"content":{"rendered":"<p>Santiago Bal\u00a0fue internado en terapia intensiva por un cuadro respiratorio que comenz\u00f3 el lunes y<strong>\u00a0empeor\u00f3 en las \u00faltimas horas.<\/strong>El humorista est\u00e1 respondiendo al tratamiento y su pron\u00f3stico es optimista.<\/p>\n<p>Bal lleg\u00f3 el lunes por la ma\u00f1ana al Instituto M\u00e9dico de Alta Complejidad acompa\u00f1ado por su hijo Federico y su ex,\u00a0Carmen Barbieri. Le realizaron estudios y los m\u00e9dicos resolvieron pasarlo a una sala de terapia.<\/p>\n<div>\n<div class=\"article__body__related-content\"><\/div>\n<\/div>\n<p>&#8220;No pod\u00eda respirar,<strong>\u00a0estaba en su cuarto y not\u00f3 que le costaba.<\/strong>\u00a0Su dificultad para respirar y sus problemas en los pulmones son habituales y es un poco lo que provoca cada una de estas internaciones&#8221;, cont\u00f3 Mariano, el mayor de los Bal, en di\u00e1logo con\u00a0<em>Intrusos<\/em>.<\/p>\n<div>\n<p>Federico tambi\u00e9n dio detalles del estado de salud del su padre, que atraves\u00f3 varios altibajos en los \u00faltimos meses: &#8220;Tiene principio de neumon\u00eda, un virus en un pulm\u00f3n y por eso le cuesta respirar, no estaba bueno que estuviera en una sala normal. Tiene 83 a\u00f1os. Est\u00e1 en terapia y<strong>\u00a0es un paciente de alto riesgo&#8221;<\/strong>.<\/p>\n<p>El humorista est\u00e1 l\u00facido y con ganas &#8220;de escribir guiones de teatro&#8221;, coment\u00f3 Fede. Tambi\u00e9n siente bronca por tener que atravesar otro episodio de salud. &#8220;No le gusta estar internado, ya estuvo tanto que no quiere ni estar en terapia. Los m\u00e9dicos dijeron que va a estar bien.\u00a0<strong>\u00c9l siempre toca fondo y sale<\/strong>&#8220;, cerr\u00f3 el participante del\u00a0<em>S\u00faper Bailando<\/em>.<\/p>\n<p>En mayo, el actor hab\u00eda sido internado en el mismo centro m\u00e9dico despu\u00e9s\u00a0<strong>de sufrir una ca\u00edda en su casa<\/strong>cuando se vest\u00eda para ir a un control m\u00e9dico. Qued\u00f3 tirado en el piso dos horas hasta que su hijo Mariano lo encontr\u00f3. Horas m\u00e1s tarde, el capoc\u00f3mico perdi\u00f3 la movilidad de brazos y piernas y la familia resolvi\u00f3 ingresarlo en el hospital.<\/p>\n<\/div>\n","protected":false},"excerpt":{"rendered":"<p>Santiago Bal\u00a0fue internado en terapia intensiva por un cuadro respiratorio que comenz\u00f3 el lunes y\u00a0empeor\u00f3 en las \u00faltimas horas.El humorista est\u00e1 respondiendo al tratamiento y su pron\u00f3stico es optimista. Bal lleg\u00f3 el lunes por la ma\u00f1ana al Instituto M\u00e9dico de Alta Complejidad acompa\u00f1ado por su hijo Federico y su ex,\u00a0Carmen Barbieri. Le realizaron estudios y [&hellip;]<\/p>\n","protected":false},"author":1,"featured_media":29010,"comment_status":"closed","ping_status":"closed","sticky":false,"template":"","format":"standard","meta":{"footnotes":""},"categories":[4],"tags":[],"class_list":["post-29009","post","type-post","status-publish","format-standard","has-post-thumbnail","hentry","category-espectaculos"],"_links":{"self":[{"href":"http:\/\/informateesquina.com\/index.php?rest_route=\/wp\/v2\/posts\/29009","targetHints":{"allow":["GET"]}}],"collection":[{"href":"http:\/\/informateesquina.com\/index.php?rest_route=\/wp\/v2\/posts"}],"about":[{"href":"http:\/\/informateesquina.com\/index.php?rest_route=\/wp\/v2\/types\/post"}],"author":[{"embeddable":true,"href":"http:\/\/informateesquina.com\/index.php?rest_route=\/wp\/v2\/users\/1"}],"replies":[{"embeddable":true,"href":"http:\/\/informateesquina.com\/index.php?rest_route=%2Fwp%2Fv2%2Fcomments&post=29009"}],"version-history":[{"count":0,"href":"http:\/\/informateesquina.com\/index.php?rest_route=\/wp\/v2\/posts\/29009\/revisions"}],"wp:featuredmedia":[{"embeddable":true,"href":"http:\/\/informateesquina.com\/index.php?rest_route=\/"}],"wp:attachment":[{"href":"http:\/\/informateesquina.com\/index.php?rest_route=%2Fwp%2Fv2%2Fmedia&parent=29009"}],"wp:term":[{"taxonomy":"category","embeddable":true,"href":"http:\/\/informateesquina.com\/index.php?rest_route=%2Fwp%2Fv2%2Fcategories&post=29009"},{"taxonomy":"post_tag","embeddable":true,"href":"http:\/\/informateesquina.com\/index.php?rest_route=%2Fwp%2Fv2%2Ftags&post=29009"}],"curies":[{"name":"wp","href":"https:\/\/api.w.org\/{rel}","templated":true}]}}