{"id":29013,"date":"2019-06-27T19:31:30","date_gmt":"2019-06-27T22:31:30","guid":{"rendered":"https:\/\/informateesquina.com\/?p=29013"},"modified":"2019-06-27T19:31:30","modified_gmt":"2019-06-27T22:31:30","slug":"cumbia-santafesina-murio-un-integrante-de-los-palmeras","status":"publish","type":"post","link":"http:\/\/informateesquina.com\/?p=29013","title":{"rendered":"Cumbia santafesina: Muri\u00f3 un integrante de Los Palmeras"},"content":{"rendered":"<p class=\"copete\">&#8220;Te recordaremos como el gran m\u00fasico y mejor persona que fuiste&#8221;, manifest\u00f3 el grupo de cumbia santafesino en las redes. Fue tecladista y guitarrista del conjunto durante 20 a\u00f1os. Padec\u00eda una larga enfermedad.<\/p>\n<p><img loading=\"lazy\" decoding=\"async\" class=\"alignnone size-medium wp-image-29014\" src=\"https:\/\/informateesquina.com\/wp-content\/uploads\/2019\/06\/245866-300x169.jpg\" alt=\"\" width=\"300\" height=\"169\" \/><\/p>\n<div class=\"cuerpo\">\n<p>Muri\u00f3 Jorge Gren\u00f3n, tecladista y guitarrista del grupo tropical Los Palmeras. A trav\u00e9s de las redes sociales el grupo de cumbia santafesina expres\u00f3 su dolor ante la triste noticia.<\/p>\n<p>&#8220;Queridos amigos nuestro m\u00e1s sentido p\u00e9same para toda la familia Grenon. Hoy perdimos un amigo, un compa\u00f1ero y un familiar de nuestro grupo &#8216;Los Palmeras&#8217; Siempre te recordaremos como el gran m\u00fasico y mejor persona que fuiste&#8230;&#8221;, escribieron.<\/p>\n<p>Gren\u00f3n estuvo junto al grupo 20 a\u00f1os y su hijo, Darien es actual integrante de la agrupaci\u00f3n.<br \/>\nPese a la tristenoticia, Los Palmeras confirmaron su actuaci\u00f3n para esta tarde en Agroactiva.<br \/>\n&#8220;Los Palmeras est\u00e1n de luto&#8230; la cumbia vuelve a estar de luto&#8230;Por siempre Jorge Omar Grenon&#8230; y su arte. Que en paz descanses amigo. Por siempre tus amigos y compa\u00f1eros&#8230; #LosPalmeras&#8221;, compartieron.<\/p>\n<p><img loading=\"lazy\" decoding=\"async\" class=\"alignnone size-medium wp-image-29015\" src=\"https:\/\/informateesquina.com\/wp-content\/uploads\/2019\/06\/704914-300x169.jpg\" alt=\"\" width=\"300\" height=\"169\" \/><\/p>\n<\/div>\n<div align=\"center\"><\/div>\n","protected":false},"excerpt":{"rendered":"<p>&#8220;Te recordaremos como el gran m\u00fasico y mejor persona que fuiste&#8221;, manifest\u00f3 el grupo de cumbia santafesino en las redes. Fue tecladista y guitarrista del conjunto durante 20 a\u00f1os. Padec\u00eda una larga enfermedad. Muri\u00f3 Jorge Gren\u00f3n, tecladista y guitarrista del grupo tropical Los Palmeras. A trav\u00e9s de las redes sociales el grupo de cumbia santafesina [&hellip;]<\/p>\n","protected":false},"author":1,"featured_media":29015,"comment_status":"closed","ping_status":"closed","sticky":false,"template":"","format":"standard","meta":{"footnotes":""},"categories":[4],"tags":[],"class_list":["post-29013","post","type-post","status-publish","format-standard","has-post-thumbnail","hentry","category-espectaculos"],"_links":{"self":[{"href":"http:\/\/informateesquina.com\/index.php?rest_route=\/wp\/v2\/posts\/29013","targetHints":{"allow":["GET"]}}],"collection":[{"href":"http:\/\/informateesquina.com\/index.php?rest_route=\/wp\/v2\/posts"}],"about":[{"href":"http:\/\/informateesquina.com\/index.php?rest_route=\/wp\/v2\/types\/post"}],"author":[{"embeddable":true,"href":"http:\/\/informateesquina.com\/index.php?rest_route=\/wp\/v2\/users\/1"}],"replies":[{"embeddable":true,"href":"http:\/\/informateesquina.com\/index.php?rest_route=%2Fwp%2Fv2%2Fcomments&post=29013"}],"version-history":[{"count":0,"href":"http:\/\/informateesquina.com\/index.php?rest_route=\/wp\/v2\/posts\/29013\/revisions"}],"wp:featuredmedia":[{"embeddable":true,"href":"http:\/\/informateesquina.com\/index.php?rest_route=\/"}],"wp:attachment":[{"href":"http:\/\/informateesquina.com\/index.php?rest_route=%2Fwp%2Fv2%2Fmedia&parent=29013"}],"wp:term":[{"taxonomy":"category","embeddable":true,"href":"http:\/\/informateesquina.com\/index.php?rest_route=%2Fwp%2Fv2%2Fcategories&post=29013"},{"taxonomy":"post_tag","embeddable":true,"href":"http:\/\/informateesquina.com\/index.php?rest_route=%2Fwp%2Fv2%2Ftags&post=29013"}],"curies":[{"name":"wp","href":"https:\/\/api.w.org\/{rel}","templated":true}]}}