{"id":29017,"date":"2019-06-27T21:02:34","date_gmt":"2019-06-28T00:02:34","guid":{"rendered":"https:\/\/informateesquina.com\/?p=29017"},"modified":"2019-06-27T21:02:34","modified_gmt":"2019-06-28T00:02:34","slug":"el-martes-9-de-julio-es-feriado-pero-que-pasa-con-el-lunes-8","status":"publish","type":"post","link":"http:\/\/informateesquina.com\/?p=29017","title":{"rendered":"El martes 9 de Julio es feriado, pero, \u00bfqu\u00e9 pasa con el lunes 8?"},"content":{"rendered":"<div class=\"cuerpo\">\n<p>El pr\u00f3ximo 9 de julio se celebra un nuevo aniversario de nuestro D\u00eda de la Independencia. Pero como cae martes y es una de las fechas patrias inamovibles dentro del calendario de feriados,\u00a0la duda est\u00e1 en si el lunes 8 es \u201cpuente\u201d o no, y as\u00ed lograr un fin de semana extra largo con cuatro d\u00edas de descanso.<\/p>\n<p>En realidad,\u00a0el lunes 8 de julio no es feriado puente\u00a0aunque s\u00ed es considerado como &#8220;d\u00eda no laboral con fines tur\u00edsticos&#8221;, seg\u00fan el calendario del Ministerio del Interior para este 2019 y tal como lo dispone el art\u00edculo 7\u00b0 de la Ley N\u00b0 27.399.<\/p>\n<p>En ese inciso dice que \u201cel Poder Ejecutivo nacional podr\u00e1, adicionalmente a lo establecido en el art\u00edculo anterior, fijar anualmente hasta tres d\u00edas feriados o no laborables\u00a0destinados a promover la actividad tur\u00edstica, que deber\u00e1n coincidir con los d\u00edas lunes o viernes\u201d.<\/p>\n<p>Al no ser un feriado nacional,\u00a0cada empresa deber\u00e1 decidir si da el d\u00eda libre o no, dependiendo de sus necesidades y demandas, como suele ocurrir -por ejemplo- con el Jueves Santo.<\/p>\n<p>Es por eso que\u00a0el lunes 8 de julio no es feriado, y ser\u00e1 puesto en consideraci\u00f3n de cada organizaci\u00f3n si dan asueto a sus empleados, aunque muchas as\u00ed suelen decidirlo, sobre todo en la administraci\u00f3n p\u00fablica.<\/p>\n<\/div>\n<div align=\"center\"><\/div>\n","protected":false},"excerpt":{"rendered":"<p>El pr\u00f3ximo 9 de julio se celebra un nuevo aniversario de nuestro D\u00eda de la Independencia. Pero como cae martes y es una de las fechas patrias inamovibles dentro del calendario de feriados,\u00a0la duda est\u00e1 en si el lunes 8 es \u201cpuente\u201d o no, y as\u00ed lograr un fin de semana extra largo con cuatro [&hellip;]<\/p>\n","protected":false},"author":1,"featured_media":29021,"comment_status":"closed","ping_status":"closed","sticky":false,"template":"","format":"standard","meta":{"footnotes":""},"categories":[7],"tags":[136],"class_list":["post-29017","post","type-post","status-publish","format-standard","has-post-thumbnail","hentry","category-nacionales","tag-destacados"],"_links":{"self":[{"href":"http:\/\/informateesquina.com\/index.php?rest_route=\/wp\/v2\/posts\/29017","targetHints":{"allow":["GET"]}}],"collection":[{"href":"http:\/\/informateesquina.com\/index.php?rest_route=\/wp\/v2\/posts"}],"about":[{"href":"http:\/\/informateesquina.com\/index.php?rest_route=\/wp\/v2\/types\/post"}],"author":[{"embeddable":true,"href":"http:\/\/informateesquina.com\/index.php?rest_route=\/wp\/v2\/users\/1"}],"replies":[{"embeddable":true,"href":"http:\/\/informateesquina.com\/index.php?rest_route=%2Fwp%2Fv2%2Fcomments&post=29017"}],"version-history":[{"count":0,"href":"http:\/\/informateesquina.com\/index.php?rest_route=\/wp\/v2\/posts\/29017\/revisions"}],"wp:featuredmedia":[{"embeddable":true,"href":"http:\/\/informateesquina.com\/index.php?rest_route=\/"}],"wp:attachment":[{"href":"http:\/\/informateesquina.com\/index.php?rest_route=%2Fwp%2Fv2%2Fmedia&parent=29017"}],"wp:term":[{"taxonomy":"category","embeddable":true,"href":"http:\/\/informateesquina.com\/index.php?rest_route=%2Fwp%2Fv2%2Fcategories&post=29017"},{"taxonomy":"post_tag","embeddable":true,"href":"http:\/\/informateesquina.com\/index.php?rest_route=%2Fwp%2Fv2%2Ftags&post=29017"}],"curies":[{"name":"wp","href":"https:\/\/api.w.org\/{rel}","templated":true}]}}