{"id":29018,"date":"2019-06-27T20:01:58","date_gmt":"2019-06-27T23:01:58","guid":{"rendered":"https:\/\/informateesquina.com\/?p=29018"},"modified":"2019-06-27T20:01:58","modified_gmt":"2019-06-27T23:01:58","slug":"valdes-recibio-al-ministro-de-la-corte-suprema-de-justicia-de-la-nacion","status":"publish","type":"post","link":"http:\/\/informateesquina.com\/?p=29018","title":{"rendered":"Vald\u00e9s recibi\u00f3 al ministro de la Corte Suprema de Justicia de la Naci\u00f3n"},"content":{"rendered":"<p><span class=\"intro\">El gobernador Gustavo Vald\u00e9s recibi\u00f3 pasado el mediod\u00eda de este jueves en su Despacho de Casa de Gobierno, al ministro de la Corte Suprema de Justicia de la Naci\u00f3n (CSJN), Ricardo Lorenzzetti, quien se encuentra en Corrientes participando del Congreso Internacional de Da\u00f1os y Contratos en Latinoam\u00e9rica. En la oportunidad dialogaron con el primer Mandatario y \u00e9ste aprovech\u00f3 para entregarle una serie de presentes en se\u00f1al de agradecimiento por la visita.<br \/>\n<\/span><\/p>\n<p><span class=\"cuerpo\"><\/p>\n<p>Acompa\u00f1aban a Lorenzzetti, el decano de la Facultad de Derecho y Ciencias Sociales y Pol\u00edticas de la Universidad Nacional del Nordeste (UNNE), Mario Villegas, instituci\u00f3n organizadora del evento; el secretario de Extensi\u00f3n, Juli\u00e1n Mijael; y una ex jueza del Chaco y docente de la UNNE, Rosa Rey de Rinessi. El funcionario judicial form\u00f3 parte del panel inaugural del Congreso en la ma\u00f1ana de la presente jornada, que se lleva adelante en el Campus \u201cDeodoro Roca\u201d de la ciudad de Corrientes, y por la tarde a partir de las 19.30 estar\u00e1 a cargo de la conferencia sobre \u201cCat\u00e1strofes naturales y tragedias sociales\u201d.<\/p>\n<p>Dicha actividad continuar\u00e1 este viernes y finalizar\u00e1 el s\u00e1bado, en el cual se contar\u00e1 con la presencia de destacados catedr\u00e1ticos extranjeros y juristas nacionales de primera l\u00ednea.<\/span><\/p>\n","protected":false},"excerpt":{"rendered":"<p>El gobernador Gustavo Vald\u00e9s recibi\u00f3 pasado el mediod\u00eda de este jueves en su Despacho de Casa de Gobierno, al ministro de la Corte Suprema de Justicia de la Naci\u00f3n (CSJN), Ricardo Lorenzzetti, quien se encuentra en Corrientes participando del Congreso Internacional de Da\u00f1os y Contratos en Latinoam\u00e9rica. En la oportunidad dialogaron con el primer Mandatario [&hellip;]<\/p>\n","protected":false},"author":1,"featured_media":29019,"comment_status":"closed","ping_status":"closed","sticky":false,"template":"","format":"standard","meta":{"footnotes":""},"categories":[10],"tags":[136],"class_list":["post-29018","post","type-post","status-publish","format-standard","has-post-thumbnail","hentry","category-provinciales","tag-destacados"],"_links":{"self":[{"href":"http:\/\/informateesquina.com\/index.php?rest_route=\/wp\/v2\/posts\/29018","targetHints":{"allow":["GET"]}}],"collection":[{"href":"http:\/\/informateesquina.com\/index.php?rest_route=\/wp\/v2\/posts"}],"about":[{"href":"http:\/\/informateesquina.com\/index.php?rest_route=\/wp\/v2\/types\/post"}],"author":[{"embeddable":true,"href":"http:\/\/informateesquina.com\/index.php?rest_route=\/wp\/v2\/users\/1"}],"replies":[{"embeddable":true,"href":"http:\/\/informateesquina.com\/index.php?rest_route=%2Fwp%2Fv2%2Fcomments&post=29018"}],"version-history":[{"count":0,"href":"http:\/\/informateesquina.com\/index.php?rest_route=\/wp\/v2\/posts\/29018\/revisions"}],"wp:featuredmedia":[{"embeddable":true,"href":"http:\/\/informateesquina.com\/index.php?rest_route=\/"}],"wp:attachment":[{"href":"http:\/\/informateesquina.com\/index.php?rest_route=%2Fwp%2Fv2%2Fmedia&parent=29018"}],"wp:term":[{"taxonomy":"category","embeddable":true,"href":"http:\/\/informateesquina.com\/index.php?rest_route=%2Fwp%2Fv2%2Fcategories&post=29018"},{"taxonomy":"post_tag","embeddable":true,"href":"http:\/\/informateesquina.com\/index.php?rest_route=%2Fwp%2Fv2%2Ftags&post=29018"}],"curies":[{"name":"wp","href":"https:\/\/api.w.org\/{rel}","templated":true}]}}