{"id":29032,"date":"2019-06-28T13:30:29","date_gmt":"2019-06-28T16:30:29","guid":{"rendered":"https:\/\/informateesquina.com\/?p=29032"},"modified":"2019-06-28T13:30:29","modified_gmt":"2019-06-28T16:30:29","slug":"lourdes-oviedo-no-tenia-pensado-bailar-asi-que-fue-una-sorpresa-la-eleccion-para-representar-a-yasi-bera-2","status":"publish","type":"post","link":"http:\/\/informateesquina.com\/?p=29032","title":{"rendered":"Lourdes Oviedo: &#8220;No ten\u00eda pensado bailar&#8221;, as\u00ed que fue &#8220;una sorpresa&#8221; la elecci\u00f3n para representar a Yas\u00ed Ber\u00e1"},"content":{"rendered":"<p style=\"text-align: center;\"><strong><em>La reina electa de la comparsa Yas\u00ed Ber\u00e1, Lourdes Oviedo, dialog\u00f3 en la ma\u00f1ana de este viernes con INFORMATE ESQUINA y cont\u00f3 que en la edici\u00f3n 2020 de los Carnavales de Esquina &#8220;no ten\u00eda pensado bailar&#8221;, as\u00ed que &#8220;me tom\u00f3 por sorpresa&#8221; cuando el presidente de Football, Cristian Corona, la llam\u00f3 para informarle que hab\u00eda sido electa para representar el pr\u00f3ximo a\u00f1o a la roja y negra. Expres\u00f3 que para ella representa &#8220;un halago&#8221;, ya que desde muy chica particip\u00f3 &#8220;orgullosamente&#8221; en la mencionada agrupaci\u00f3n.<\/em><\/strong><\/p>\n<p>&nbsp;<\/p>\n<p>Record\u00f3 que hace 4 a\u00f1os baila en la comparsa y alrededor de 5 a\u00f1os entr\u00f3 en Yasiberacito, pero la pr\u00f3xima edici\u00f3n &#8220;no ten\u00eda pensado bailar&#8221;, a lo cual explic\u00f3 que esa decisi\u00f3n se deb\u00eda a que &#8220;este a\u00f1os me recibo del Profesorado de Nivel Inicial&#8221;. Es por eso que la noticia &#8220;me tom\u00f3 por sorpresa, no me esperaba&#8221;, y cuando desde la Comisi\u00f3n se comunicaron para informarle de la elecci\u00f3n lo acept\u00f3 inmediatamente, porque &#8220;me halaga mucho y es un orgullo total que hayan pensado en m\u00ed para ocupar ese puesto tan importante en Yas\u00ed Ber\u00e1&#8221; manifest\u00f3.<\/p>\n<p>Remarc\u00f3 que &#8220;mis t\u00edos siempre fueron de Football y desde chica me inculcaron ese sentimiento por los colores rojo y negro&#8221;. Adem\u00e1s se\u00f1al\u00f3 que una de sus pasiones es el baile y en este marc\u00f3 coment\u00f3 que en 2015 se recibi\u00f3 de Profesora de Danzas Cl\u00e1sicas.<\/p>\n<p>A partir de ahora asegura que a parte de terminar su carrera, su otra prioridad tambi\u00e9n pasar\u00e1 a ser el Reinado de Yas\u00ed Ber\u00e1 2020, lugar para el cual &#8220;me preparar\u00e9 con todo el compromiso y respeto que requiere, tanto m\u00edo como el de mi familia, para representar de la mejor manera y dejar muy bien parado a mi comparsa&#8221;. Si bien se calific\u00f3 como una persona de &#8220;bajo perfil&#8221;, dijo que &#8220;le honra ocupar ese lugar en los 51 a\u00f1os de Yas\u00ed Ber\u00e1&#8221; y pasar a formar parte de su historia.<\/p>\n","protected":false},"excerpt":{"rendered":"<p>La reina electa de la comparsa Yas\u00ed Ber\u00e1, Lourdes Oviedo, dialog\u00f3 en la ma\u00f1ana de este viernes con INFORMATE ESQUINA y cont\u00f3 que en la edici\u00f3n 2020 de los Carnavales de Esquina &#8220;no ten\u00eda pensado bailar&#8221;, as\u00ed que &#8220;me tom\u00f3 por sorpresa&#8221; cuando el presidente de Football, Cristian Corona, la llam\u00f3 para informarle que hab\u00eda [&hellip;]<\/p>\n","protected":false},"author":1,"featured_media":29030,"comment_status":"closed","ping_status":"closed","sticky":false,"template":"","format":"standard","meta":{"footnotes":""},"categories":[2,6],"tags":[136],"class_list":["post-29032","post","type-post","status-publish","format-standard","has-post-thumbnail","hentry","category-culturales","category-locales","tag-destacados"],"_links":{"self":[{"href":"http:\/\/informateesquina.com\/index.php?rest_route=\/wp\/v2\/posts\/29032","targetHints":{"allow":["GET"]}}],"collection":[{"href":"http:\/\/informateesquina.com\/index.php?rest_route=\/wp\/v2\/posts"}],"about":[{"href":"http:\/\/informateesquina.com\/index.php?rest_route=\/wp\/v2\/types\/post"}],"author":[{"embeddable":true,"href":"http:\/\/informateesquina.com\/index.php?rest_route=\/wp\/v2\/users\/1"}],"replies":[{"embeddable":true,"href":"http:\/\/informateesquina.com\/index.php?rest_route=%2Fwp%2Fv2%2Fcomments&post=29032"}],"version-history":[{"count":0,"href":"http:\/\/informateesquina.com\/index.php?rest_route=\/wp\/v2\/posts\/29032\/revisions"}],"wp:featuredmedia":[{"embeddable":true,"href":"http:\/\/informateesquina.com\/index.php?rest_route=\/"}],"wp:attachment":[{"href":"http:\/\/informateesquina.com\/index.php?rest_route=%2Fwp%2Fv2%2Fmedia&parent=29032"}],"wp:term":[{"taxonomy":"category","embeddable":true,"href":"http:\/\/informateesquina.com\/index.php?rest_route=%2Fwp%2Fv2%2Fcategories&post=29032"},{"taxonomy":"post_tag","embeddable":true,"href":"http:\/\/informateesquina.com\/index.php?rest_route=%2Fwp%2Fv2%2Ftags&post=29032"}],"curies":[{"name":"wp","href":"https:\/\/api.w.org\/{rel}","templated":true}]}}