{"id":29037,"date":"2019-06-28T14:47:51","date_gmt":"2019-06-28T17:47:51","guid":{"rendered":"https:\/\/informateesquina.com\/?p=29037"},"modified":"2019-06-28T14:47:51","modified_gmt":"2019-06-28T17:47:51","slug":"el-priar-tendra-su-comisaria-en-la-sociedad-rural","status":"publish","type":"post","link":"http:\/\/informateesquina.com\/?p=29037","title":{"rendered":"El Priar tendr\u00e1 su comisar\u00eda en la Sociedad Rural"},"content":{"rendered":"<p>El periodista Ger\u00f3nimo Vega, de FM Del R\u00edo, entrevist\u00f3 al doctor V\u00edctor Manuel L\u00f3pez, miembro de la Sociedad Rural,\u00a0 para hablar de la Comisar\u00eda del Priar, en el predio la Sociedad Rural de Esquina.<\/p>\n<p>Las obras comenzaron este jueves y culminar\u00e1n el 25 d\u00edas aproximadamente. \u201cSe ha concretado este proyecto que ven\u00edamos trabajando hace un a\u00f1o con la gente de la polic\u00eda, del ministerio de producci\u00f3n y seguridad, y la sociedad rural\u201d, dijo.<br \/>\n\u201cEl Priar va a poder guardar los animales en los corrales. Va a ser un medio m\u00e1s natural, un lugar m\u00e1s c\u00f3modo y l\u00f3gicamente va a contar con todas las instalaciones de la sociedad rural\u201d, explic\u00f3.<\/p>\n<p>La empresa que lleva adelante la obra es oriunda de Virasoro, con fondos del Ministerio de Producci\u00f3n.<\/p>\n<p><img loading=\"lazy\" decoding=\"async\" class=\"alignnone size-medium wp-image-29039\" src=\"https:\/\/informateesquina.com\/wp-content\/uploads\/2019\/06\/IMG-20190628-WA0057-225x300.jpg\" alt=\"\" width=\"225\" height=\"300\" \/><\/p>\n","protected":false},"excerpt":{"rendered":"<p>El periodista Ger\u00f3nimo Vega, de FM Del R\u00edo, entrevist\u00f3 al doctor V\u00edctor Manuel L\u00f3pez, miembro de la Sociedad Rural,\u00a0 para hablar de la Comisar\u00eda del Priar, en el predio la Sociedad Rural de Esquina. Las obras comenzaron este jueves y culminar\u00e1n el 25 d\u00edas aproximadamente. \u201cSe ha concretado este proyecto que ven\u00edamos trabajando hace un [&hellip;]<\/p>\n","protected":false},"author":1,"featured_media":29038,"comment_status":"closed","ping_status":"closed","sticky":false,"template":"","format":"standard","meta":{"footnotes":""},"categories":[11],"tags":[],"class_list":["post-29037","post","type-post","status-publish","format-standard","has-post-thumbnail","hentry","category-sociedad"],"_links":{"self":[{"href":"http:\/\/informateesquina.com\/index.php?rest_route=\/wp\/v2\/posts\/29037","targetHints":{"allow":["GET"]}}],"collection":[{"href":"http:\/\/informateesquina.com\/index.php?rest_route=\/wp\/v2\/posts"}],"about":[{"href":"http:\/\/informateesquina.com\/index.php?rest_route=\/wp\/v2\/types\/post"}],"author":[{"embeddable":true,"href":"http:\/\/informateesquina.com\/index.php?rest_route=\/wp\/v2\/users\/1"}],"replies":[{"embeddable":true,"href":"http:\/\/informateesquina.com\/index.php?rest_route=%2Fwp%2Fv2%2Fcomments&post=29037"}],"version-history":[{"count":0,"href":"http:\/\/informateesquina.com\/index.php?rest_route=\/wp\/v2\/posts\/29037\/revisions"}],"wp:featuredmedia":[{"embeddable":true,"href":"http:\/\/informateesquina.com\/index.php?rest_route=\/"}],"wp:attachment":[{"href":"http:\/\/informateesquina.com\/index.php?rest_route=%2Fwp%2Fv2%2Fmedia&parent=29037"}],"wp:term":[{"taxonomy":"category","embeddable":true,"href":"http:\/\/informateesquina.com\/index.php?rest_route=%2Fwp%2Fv2%2Fcategories&post=29037"},{"taxonomy":"post_tag","embeddable":true,"href":"http:\/\/informateesquina.com\/index.php?rest_route=%2Fwp%2Fv2%2Ftags&post=29037"}],"curies":[{"name":"wp","href":"https:\/\/api.w.org\/{rel}","templated":true}]}}