{"id":29050,"date":"2019-06-28T18:45:27","date_gmt":"2019-06-28T21:45:27","guid":{"rendered":"https:\/\/informateesquina.com\/?p=29050"},"modified":"2019-06-28T18:45:27","modified_gmt":"2019-06-28T21:45:27","slug":"monte-caseros-condenaron-a-un-hombre-a-10-anos-de-prision-por-abusar-sexualmente-de-su-esposa","status":"publish","type":"post","link":"http:\/\/informateesquina.com\/?p=29050","title":{"rendered":"Monte Caseros: Condenaron a un hombre a 10 a\u00f1os de prisi\u00f3n por abusar sexualmente de su esposa"},"content":{"rendered":"<p>Un hombre oriundo de Monte Caseros fue condenado a 10 a\u00f1os de prisi\u00f3n por haber abusado sexualmente de su esposa, con quien tiene dos hijos.<br \/>\nEl debate se realiz\u00f3 en el Tribunal Oral Penal de Paso de los Libres compuesto por Marcelo Fleitas (presidente del debate), Gustavo Ifr\u00e1n y Marcelo Pardo (vocales). El caso es controvertido. La mujer lo hab\u00eda denunciado por obligarla a tener sexo v\u00eda anal, pese a haberlo consentido en varias oportunidades.<br \/>\nDos integrantes del TOP, Fleitas e Ifran entendieron que la mujer actuaba bajo amenaza. Sin embargo, para el otro miembro del Tribunal, Pardo, la imputaci\u00f3n es ambigua, y la v\u00edctima cedi\u00f3 ante la petici\u00f3n de su pareja. Finalmente, el hombre fue condenado a la pena de 10 a\u00f1os de prisi\u00f3n.<br \/>\nEl hecho ocurri\u00f3 en Monte Caseros en febrero del a\u00f1o pasado cuando la mujer se present\u00f3 en \u00a0la Comisar\u00eda de esa localidad, y relat\u00f3 que desde hace a\u00f1os recib\u00eda agresiones verbales y f\u00edsicas de su pareja:<br \/>\n\u201cConstantemente recibo trompadas, cachetadas, empujones por parte de mi pareja, todo ello en presencia de mis hijos. Y me dice \u2018sos una p\u2026\u2019\u201d, denunci\u00f3 ante el Tribunal seg\u00fan publica el portal de noticias Confirmado.<br \/>\n\u201cSiempre acced\u00eda a sus pedidos sexuales por temor a que me pegara, era muy violento\u201d.<br \/>\nPor su parte el acusado declar\u00f3 en sede Tribunalicia, neg\u00f3 las acusaciones de su pareja, dijo que jam\u00e1s le levant\u00f3 la mano, y de manera textual afirm\u00f3 \u201cnunca la somet\u00ed a tener relaciones sexuales, siempre fueron consentidas\u201d.<br \/>\nEn su declaraci\u00f3n, el joven ahora condenado en primera instancia, expres\u00f3 que su mujer era muy celosa, y que \u00e9l era v\u00edctima reiterada de agresiones verbales, por parte de ella.<br \/>\nUno de los testimonios significativos fue el del padre del imputado.<br \/>\nEl progenitor puntualiz\u00f3 \u201cquiero decir que ella siempre llegaba a casa y contaba su intimidad en familia, se la escuch\u00f3 decir lo feliz que era y la forma en que manten\u00eda su vida sexual, y lo contaba tan libremente, tan liberal, que nunca nos demostr\u00f3 una expresi\u00f3n de mortificaci\u00f3n\u201d.<br \/>\nPara los doctores Gustavo Ifran, y Marcelo Fleitas, el imputado actu\u00f3 en contra de la voluntad expresa de la esposa, y la accede carnalmente, v\u00eda anal; adem\u00e1s de que la v\u00edctima hace tiempo ven\u00eda sufriendo violencia de g\u00e9nero. Para Ifran y Fleitas, el peso del testimonio de la v\u00edctima fue decisiva.<br \/>\nEn esa l\u00ednea, argumentan que \u201cla v\u00edctima es el testigo necesario. No valorar su testimonio en este contexto, es una pr\u00e1ctica que remite prejuicios y estereotipos prohibidos por los est\u00e1ndares internacionales que regulan esta materia, es una forma de propender a la impunidad de estos delitos\u201d.<\/p>\n<p>FUENTE: RADIO DOS<\/p>\n","protected":false},"excerpt":{"rendered":"<p>Un hombre oriundo de Monte Caseros fue condenado a 10 a\u00f1os de prisi\u00f3n por haber abusado sexualmente de su esposa, con quien tiene dos hijos. El debate se realiz\u00f3 en el Tribunal Oral Penal de Paso de los Libres compuesto por Marcelo Fleitas (presidente del debate), Gustavo Ifr\u00e1n y Marcelo Pardo (vocales). El caso es [&hellip;]<\/p>\n","protected":false},"author":1,"featured_media":29051,"comment_status":"closed","ping_status":"closed","sticky":false,"template":"","format":"standard","meta":{"footnotes":""},"categories":[8],"tags":[],"class_list":["post-29050","post","type-post","status-publish","format-standard","has-post-thumbnail","hentry","category-policiales"],"_links":{"self":[{"href":"http:\/\/informateesquina.com\/index.php?rest_route=\/wp\/v2\/posts\/29050","targetHints":{"allow":["GET"]}}],"collection":[{"href":"http:\/\/informateesquina.com\/index.php?rest_route=\/wp\/v2\/posts"}],"about":[{"href":"http:\/\/informateesquina.com\/index.php?rest_route=\/wp\/v2\/types\/post"}],"author":[{"embeddable":true,"href":"http:\/\/informateesquina.com\/index.php?rest_route=\/wp\/v2\/users\/1"}],"replies":[{"embeddable":true,"href":"http:\/\/informateesquina.com\/index.php?rest_route=%2Fwp%2Fv2%2Fcomments&post=29050"}],"version-history":[{"count":0,"href":"http:\/\/informateesquina.com\/index.php?rest_route=\/wp\/v2\/posts\/29050\/revisions"}],"wp:featuredmedia":[{"embeddable":true,"href":"http:\/\/informateesquina.com\/index.php?rest_route=\/"}],"wp:attachment":[{"href":"http:\/\/informateesquina.com\/index.php?rest_route=%2Fwp%2Fv2%2Fmedia&parent=29050"}],"wp:term":[{"taxonomy":"category","embeddable":true,"href":"http:\/\/informateesquina.com\/index.php?rest_route=%2Fwp%2Fv2%2Fcategories&post=29050"},{"taxonomy":"post_tag","embeddable":true,"href":"http:\/\/informateesquina.com\/index.php?rest_route=%2Fwp%2Fv2%2Ftags&post=29050"}],"curies":[{"name":"wp","href":"https:\/\/api.w.org\/{rel}","templated":true}]}}