{"id":29053,"date":"2019-06-28T18:46:32","date_gmt":"2019-06-28T21:46:32","guid":{"rendered":"https:\/\/informateesquina.com\/?p=29053"},"modified":"2019-06-28T18:46:32","modified_gmt":"2019-06-28T21:46:32","slug":"san-roque-docente-denunciado-por-siete-abusos-se-abstuvo-de-declarar-y-sigue-detenido","status":"publish","type":"post","link":"http:\/\/informateesquina.com\/?p=29053","title":{"rendered":"San Roque: Docente denunciado por siete abusos se abstuvo de declarar y sigue detenido"},"content":{"rendered":"<p>El abogado Juan Arreg\u00edn, sobre el caso que se investiga expres\u00f3 que \u201cel viernes prest\u00f3 declaraci\u00f3n la persona que est\u00e1 acusada de abusar de sus alumnos, y su abogado present\u00f3 el pedido de excarcelaci\u00f3n por las siete denuncias en su contra, y el juzgado debe decidir si corresponde que est\u00e9 en libertad.<\/p>\n<p>&nbsp;<\/p>\n<p>Y se\u00f1al\u00f3 que al docente auxiliar imputado, de la Escuela de San Roque \u201clo trasladaron a la comisar\u00eda 14 de San Roque\u201d.<\/p>\n<p>&nbsp;<\/p>\n<p>Adem\u00e1s, el abogado querellante, mencion\u00f3 que \u201chab\u00eda miedo de que haya una poblada, por esta situaci\u00f3n y lo llevaron de mantilla de nuevo a San Roque\u201d.<\/p>\n<p>&nbsp;<\/p>\n<p>Asimismo, sobre el auxiliar imputado de supuesto abuso a siete menores, expuso que \u201cesta persona es familiar de muchas personas con espacios preponderantes en la ciudad, familiar del docente a cargo de la c\u00e1tedra que dictaba, es familiar indirecto del Comisario del pueblo, tiene familiares vinculados a la actividad pol\u00edtica\u201d.<\/p>\n<p>&nbsp;<\/p>\n<p>Por otro lado, sobre cu\u00e1ndo declarar\u00e1n los menores en C\u00e1mara Gesel, dijo que \u201cel juez de instrucci\u00f3n N\u00ba2 les va a tomar a partir del lunes declaraci\u00f3n indagatoria, para que ampl\u00eden la denuncia y va a haber un docente citado a declarar que es quien fue el primero al que los ni\u00f1os le manifestaron su situaci\u00f3n\u201d.<\/p>\n<p>&nbsp;<\/p>\n<p>En ese mismo sentido, el abogado Arreg\u00edn, mencion\u00f3 que \u201cen este momento los chicos est\u00e1n teniendo contenci\u00f3n que brinda el ministerio de Educaci\u00f3n, los psic\u00f3logos forenses todav\u00eda no los han evaluado\u201d.<\/p>\n<p>&nbsp;<\/p>\n<p>Sobre el pedido de excarcelaci\u00f3n y su postura respecto a \u00e9l, sostuvo que \u201cestoy en contra, no es lo por los hechos denunciados sino que el c\u00f3digo de procedimiento de Corrientes dice que cuando el delito tiene m\u00e1s de 8 a\u00f1os de prisi\u00f3n y si existe un riesgo procesal, no corresponder\u00eda el otorgamiento de este derecho, por lo que el fiscal y el juez no deber\u00edan apartarse de lo que dice el C\u00f3digo\u201d.<\/p>\n<p>&nbsp;<\/p>\n<p>Y se\u00f1al\u00f3 el abogado a cargo de la querella que \u201cse abstuvo de declarar el imputado\u201d.<\/p>\n<p>&nbsp;<\/p>\n<p>Si se entrevist\u00f3 o tom\u00f3 contacto con los menores, el doctor Juan Arreg\u00edn, expres\u00f3 que \u201cno, opt\u00e9 por no entrevistarme con los chicos porque carezco de herramientas para afrontar la situaci\u00f3n, pero si los menores quieren contar alguna situaci\u00f3n antes de la c\u00e1mara Gesel estamos disponibles pero preferimos que no para que lleguen a declarar como est\u00e1n\u201d.<\/p>\n<p>&nbsp;<\/p>\n<p>\u201cHay una situaci\u00f3n com\u00fan de todos los chicos, que tiene que ver con tocamientos, apoyamiento en el cuerpo de los menores, otros comentarios fuera de lugar de las chicas, pedido de fotograf\u00edas del cuerpo de los chicos, y amenazas de \u201custedes ya saben qui\u00e9n soy yo, trabajo para tal dirigente de la pol\u00edtica\u201d afirm\u00f3 el abogado de las familias de los menores.<\/p>\n<p>FUENTE: RADIO DOS<\/p>\n","protected":false},"excerpt":{"rendered":"<p>El abogado Juan Arreg\u00edn, sobre el caso que se investiga expres\u00f3 que \u201cel viernes prest\u00f3 declaraci\u00f3n la persona que est\u00e1 acusada de abusar de sus alumnos, y su abogado present\u00f3 el pedido de excarcelaci\u00f3n por las siete denuncias en su contra, y el juzgado debe decidir si corresponde que est\u00e9 en libertad. &nbsp; Y se\u00f1al\u00f3 [&hellip;]<\/p>\n","protected":false},"author":1,"featured_media":29055,"comment_status":"closed","ping_status":"closed","sticky":false,"template":"","format":"standard","meta":{"footnotes":""},"categories":[8],"tags":[],"class_list":["post-29053","post","type-post","status-publish","format-standard","has-post-thumbnail","hentry","category-policiales"],"_links":{"self":[{"href":"http:\/\/informateesquina.com\/index.php?rest_route=\/wp\/v2\/posts\/29053","targetHints":{"allow":["GET"]}}],"collection":[{"href":"http:\/\/informateesquina.com\/index.php?rest_route=\/wp\/v2\/posts"}],"about":[{"href":"http:\/\/informateesquina.com\/index.php?rest_route=\/wp\/v2\/types\/post"}],"author":[{"embeddable":true,"href":"http:\/\/informateesquina.com\/index.php?rest_route=\/wp\/v2\/users\/1"}],"replies":[{"embeddable":true,"href":"http:\/\/informateesquina.com\/index.php?rest_route=%2Fwp%2Fv2%2Fcomments&post=29053"}],"version-history":[{"count":0,"href":"http:\/\/informateesquina.com\/index.php?rest_route=\/wp\/v2\/posts\/29053\/revisions"}],"wp:featuredmedia":[{"embeddable":true,"href":"http:\/\/informateesquina.com\/index.php?rest_route=\/"}],"wp:attachment":[{"href":"http:\/\/informateesquina.com\/index.php?rest_route=%2Fwp%2Fv2%2Fmedia&parent=29053"}],"wp:term":[{"taxonomy":"category","embeddable":true,"href":"http:\/\/informateesquina.com\/index.php?rest_route=%2Fwp%2Fv2%2Fcategories&post=29053"},{"taxonomy":"post_tag","embeddable":true,"href":"http:\/\/informateesquina.com\/index.php?rest_route=%2Fwp%2Fv2%2Ftags&post=29053"}],"curies":[{"name":"wp","href":"https:\/\/api.w.org\/{rel}","templated":true}]}}