{"id":29059,"date":"2019-06-28T19:30:22","date_gmt":"2019-06-28T22:30:22","guid":{"rendered":"https:\/\/informateesquina.com\/?p=29059"},"modified":"2019-06-28T19:30:22","modified_gmt":"2019-06-28T22:30:22","slug":"zanella-anuncio-el-cierre-de-su-planta-de-motos-de-mar-del-plata","status":"publish","type":"post","link":"http:\/\/informateesquina.com\/?p=29059","title":{"rendered":"Zanella anunci\u00f3 el cierre de su planta de motos de Mar del Plata"},"content":{"rendered":"<aside class=\"aside-sticky hide-mobile\">\n<div class=\"fixed\" data-asidesticky=\"\" data-bannertop=\"85\" data-bannerstart=\"0\"><\/div>\n<div>\n<div class=\"fixed\" data-asidesticky=\"\" data-bannertop=\"85\" data-bannerstart=\"0\">\n<div class=\"entry-share redes-left\">La crisis de Zanella empeora. Con 70 a\u00f1os de historia en el pa\u00eds, ten\u00eda cuatro plantas y 500 trabajadores. Hace pocas horas, <strong>Walter Steiner<\/strong>, CEO de la empresa, decidi\u00f3 que a fin de julio cierra su planta en Mar del Plata. Luego de varios meses de conflictos, jornadas reducidas y despidos.<\/div>\n<\/div>\n<div>Jos\u00e9Luis Rocha, secretario general de la UOM Mar del Plata, le dijo a\u00a0<strong>BAE Negocios<\/strong>: &#8220;El a\u00f1o pasado la empresa ten\u00eda 75 trabajadores, quedaban 25 y ahora van a quedar\u00a07 hasta su cierre definitivo. Hace un mes que no les daban tareas y hace un a\u00f1o que venimos con jornadas reducidas y suspensiones programadas. Hoy nos comunicaron que cerraba&#8221;.<\/p>\n<p>La apoderada de la empresa,\u00a0<strong>Soledad Freire<\/strong>, fue la encargada de dar la noticia por tel\u00e9fono a los trabajadores.\u00a0 &#8220;La ca\u00edda de las ventas viene desde el a\u00f1o pasado. Esto hizo que el proyecto de Mar del Plata tenga que dar por finalizada esta etapa. Esperamos que en los pr\u00f3ximos a\u00f1os podamos resurgir&#8221;, dijo a La Capital de Mar del Plata.<\/p>\n<p>Zanella desembarc\u00f3 en la costa argentina en 2014, arranc\u00f3 con 20 empleados, pero siempre con la esperanza de llegar a los 300. En junio de 2018, anunci\u00f3 la suspensi\u00f3n de 75 trabajadores por un per\u00edodo de dos meses, ah\u00ed se encendi\u00f3 la luz roja. A partir de ah\u00ed, todo se complic\u00f3. Luego llegaron los despidos.<\/p>\n<p>En enero pasado, Steiner le adelant\u00f3 a\u00a0<strong>BAE Negocios<\/strong>: &#8220;el mercado se cay\u00f3, ya no es viable producir y\u00a0<strong>ya no tengo volumen que justifique tener una f\u00e1brica en Mar del\u00a0\u00a0Plata<\/strong>. No hay se\u00f1ales de recuperaci\u00f3n,\u00a0<strong>la gente est\u00e1 preocupada y yo tambi\u00e9n<\/strong>&#8220;. Seis meses atr\u00e1s, los d\u00edas no trabajados eran pagados al 55% neto y hab\u00eda un compromiso de no despedir hasta marzo.<\/p>\n<p><strong>A Zanella le quedan plantas en Caseros, Cruz del Eje C\u00f3rdoba y San Luis<\/strong>. Pero su CEO, no ve salida, ya no sue\u00f1a con hacer crecer su marca, ni hacer una terminal automotriz. &#8220;Estoy frustrado. Al principio, yo aplaud\u00ed mucho al presidente Mauricio Macri, y no me gusta ser visto como un opositor, pero\u00a0<strong>como empresario me siento s\u00f3lo y no apoyado<\/strong>. Esta pol\u00edtica econ\u00f3mica nos afecta terriblemente, pero al Gobierno no le interesa que la industria produzca. Capaz tienen problemas m\u00e1s graves que resolver&#8221;, dijo Steiner, antes de cerrar la planta.<\/p>\n<\/div>\n<\/div>\n<\/aside>\n","protected":false},"excerpt":{"rendered":"<p>La crisis de Zanella empeora. Con 70 a\u00f1os de historia en el pa\u00eds, ten\u00eda cuatro plantas y 500 trabajadores. Hace pocas horas, Walter Steiner, CEO de la empresa, decidi\u00f3 que a fin de julio cierra su planta en Mar del Plata. Luego de varios meses de conflictos, jornadas reducidas y despidos. Jos\u00e9Luis Rocha, secretario general [&hellip;]<\/p>\n","protected":false},"author":1,"featured_media":29060,"comment_status":"closed","ping_status":"closed","sticky":false,"template":"","format":"standard","meta":{"footnotes":""},"categories":[7],"tags":[],"class_list":["post-29059","post","type-post","status-publish","format-standard","has-post-thumbnail","hentry","category-nacionales"],"_links":{"self":[{"href":"http:\/\/informateesquina.com\/index.php?rest_route=\/wp\/v2\/posts\/29059","targetHints":{"allow":["GET"]}}],"collection":[{"href":"http:\/\/informateesquina.com\/index.php?rest_route=\/wp\/v2\/posts"}],"about":[{"href":"http:\/\/informateesquina.com\/index.php?rest_route=\/wp\/v2\/types\/post"}],"author":[{"embeddable":true,"href":"http:\/\/informateesquina.com\/index.php?rest_route=\/wp\/v2\/users\/1"}],"replies":[{"embeddable":true,"href":"http:\/\/informateesquina.com\/index.php?rest_route=%2Fwp%2Fv2%2Fcomments&post=29059"}],"version-history":[{"count":0,"href":"http:\/\/informateesquina.com\/index.php?rest_route=\/wp\/v2\/posts\/29059\/revisions"}],"wp:featuredmedia":[{"embeddable":true,"href":"http:\/\/informateesquina.com\/index.php?rest_route=\/"}],"wp:attachment":[{"href":"http:\/\/informateesquina.com\/index.php?rest_route=%2Fwp%2Fv2%2Fmedia&parent=29059"}],"wp:term":[{"taxonomy":"category","embeddable":true,"href":"http:\/\/informateesquina.com\/index.php?rest_route=%2Fwp%2Fv2%2Fcategories&post=29059"},{"taxonomy":"post_tag","embeddable":true,"href":"http:\/\/informateesquina.com\/index.php?rest_route=%2Fwp%2Fv2%2Ftags&post=29059"}],"curies":[{"name":"wp","href":"https:\/\/api.w.org\/{rel}","templated":true}]}}