{"id":29062,"date":"2019-06-28T20:09:13","date_gmt":"2019-06-28T23:09:13","guid":{"rendered":"https:\/\/informateesquina.com\/?p=29062"},"modified":"2019-06-28T20:09:13","modified_gmt":"2019-06-28T23:09:13","slug":"cristina-kirchner-llega-al-chaco-para-presentar-su-libro-y-tratar-de-ordenar-al-pj-local","status":"publish","type":"post","link":"http:\/\/informateesquina.com\/?p=29062","title":{"rendered":"Cristina Kirchner llega al Chaco para presentar su libro y tratar de ordenar al PJ local"},"content":{"rendered":"<p>La actual senadora y precandidata a presidenta de la Naci\u00f3n, Cristina Fern\u00e1ndez de Kirchner,\u00a0<strong>presentar\u00e1 ma\u00f1ana, a las 15,30<\/strong>, en el sal\u00f3n mayor del Centro de Convenciones de Resistencia, su libro \u201cSinceramente\u201d.\u00a0<strong>La expresidenta arribar\u00e1 hoy a las 21 a la provincia\u00a0<\/strong>y se espera, si bien no lo confirmaron, que haya una\u00a0<strong>serie de reuniones con el intendente Jorge Capitanich y el gobernador Domingo Peppo<\/strong>, quienes pugnan por la candidatura a senador y tienen aspiraciones a la gobernaci\u00f3n.<\/p>\n<div id=\"hybs-mslot-bb3aaefe-0\" class=\"hybs-mslot\"><\/div>\n<p>Desde la Polic\u00eda del Chaco informaron que se espera\u00a0<strong>una concurrencia que supere las 20 mil personas\u00a0<\/strong>por lo que se dispuso un operativo especial de seguridad. El Jefe de la fuerza, Fernando Romero, en comunicaci\u00f3n con Radio Facundo Quiroga, asegur\u00f3 que \u201cest\u00e1 todo armado, habr\u00e1 350 efectivos encargados de la custodia durante el arribo y su permanencia en la ciudad\u201d.<\/p>\n<div id=\"hybs-mslot-bb3aaefe-1\" class=\"hybs-mslot\"><\/div>\n<p>La presentaci\u00f3n del libro, cuya organizaci\u00f3n est\u00e1 a cargo de la editorial Sudamericana, tiene previsto que al sal\u00f3n solo ingresen personas que tengan las invitaciones especiales, mientras que fuera del mismo se habilitar\u00e1n pantallas gigantes.<\/p>\n<div id=\"hybs-mslot-bb3aaefe-2\" class=\"hybs-mslot\"><\/div>\n<p>La llegada de cristina Kirchner a la provincia<strong>\u00a0se da en el medio de la disputa pol\u00edtica y electoral entre Peppo y Capitanich<\/strong>\u00a0quienes hace una semana oficializaron sus precandidaturas a senador y ratificaron sus intenciones a ser reelecto, en el caso del primero, y volver a la gobernaci\u00f3n, en el caso del segundo.<\/p>\n","protected":false},"excerpt":{"rendered":"<p>La actual senadora y precandidata a presidenta de la Naci\u00f3n, Cristina Fern\u00e1ndez de Kirchner,\u00a0presentar\u00e1 ma\u00f1ana, a las 15,30, en el sal\u00f3n mayor del Centro de Convenciones de Resistencia, su libro \u201cSinceramente\u201d.\u00a0La expresidenta arribar\u00e1 hoy a las 21 a la provincia\u00a0y se espera, si bien no lo confirmaron, que haya una\u00a0serie de reuniones con el intendente [&hellip;]<\/p>\n","protected":false},"author":1,"featured_media":29063,"comment_status":"closed","ping_status":"closed","sticky":false,"template":"","format":"standard","meta":{"footnotes":""},"categories":[7],"tags":[],"class_list":["post-29062","post","type-post","status-publish","format-standard","has-post-thumbnail","hentry","category-nacionales"],"_links":{"self":[{"href":"http:\/\/informateesquina.com\/index.php?rest_route=\/wp\/v2\/posts\/29062","targetHints":{"allow":["GET"]}}],"collection":[{"href":"http:\/\/informateesquina.com\/index.php?rest_route=\/wp\/v2\/posts"}],"about":[{"href":"http:\/\/informateesquina.com\/index.php?rest_route=\/wp\/v2\/types\/post"}],"author":[{"embeddable":true,"href":"http:\/\/informateesquina.com\/index.php?rest_route=\/wp\/v2\/users\/1"}],"replies":[{"embeddable":true,"href":"http:\/\/informateesquina.com\/index.php?rest_route=%2Fwp%2Fv2%2Fcomments&post=29062"}],"version-history":[{"count":0,"href":"http:\/\/informateesquina.com\/index.php?rest_route=\/wp\/v2\/posts\/29062\/revisions"}],"wp:featuredmedia":[{"embeddable":true,"href":"http:\/\/informateesquina.com\/index.php?rest_route=\/"}],"wp:attachment":[{"href":"http:\/\/informateesquina.com\/index.php?rest_route=%2Fwp%2Fv2%2Fmedia&parent=29062"}],"wp:term":[{"taxonomy":"category","embeddable":true,"href":"http:\/\/informateesquina.com\/index.php?rest_route=%2Fwp%2Fv2%2Fcategories&post=29062"},{"taxonomy":"post_tag","embeddable":true,"href":"http:\/\/informateesquina.com\/index.php?rest_route=%2Fwp%2Fv2%2Ftags&post=29062"}],"curies":[{"name":"wp","href":"https:\/\/api.w.org\/{rel}","templated":true}]}}