{"id":29065,"date":"2019-06-28T20:18:21","date_gmt":"2019-06-28T23:18:21","guid":{"rendered":"https:\/\/informateesquina.com\/?p=29065"},"modified":"2019-06-28T20:18:21","modified_gmt":"2019-06-28T23:18:21","slug":"la-autocritica-de-messi-no-esta-siendo-mi-mejor-copa-america","status":"publish","type":"post","link":"http:\/\/informateesquina.com\/?p=29065","title":{"rendered":"La autocr\u00edtica de Messi: &#8220;No est\u00e1 siendo mi mejor Copa Am\u00e9rica&#8221;"},"content":{"rendered":"<div class=\"detail-body \">\n<div class=\"preview\">\n<h3>El capit\u00e1n de la Selecci\u00f3n argentina reconoci\u00f3 que no est\u00e1 en su mejor nivel en Brasil 2019. Pero atribuy\u00f3 parte de su baj\u00f3n al mal estado de las canchas.<\/h3>\n<\/div>\n<\/div>\n<div class=\"detail-body\">\n<article id=\"note-body\" class=\"note-body first\" data-twitter-link=\"https:\/\/twitter.com\/intent\/tweet?url=https:\/\/www.minutouno.com\/c5039864&amp;v\u00eda=minutounocom&amp;related=MinutoUno&amp;text=\">\n<div class=\"row\">\n<div class=\"inside-note col-xs-12\">\n<p><strong>Lionel Messi<\/strong>\u00a0resalt\u00f3 este viernes por la tarde que el<strong>\u00a0seleccionado argentino<\/strong>\u00a0llega \u201cmuy bien\u201d para enfrentar a su par de\u00a0<strong>Brasil este martes en una de las semifinales de la Copa Am\u00e9rica,<\/strong>\u00a0a la vez que ejerci\u00f3 autocr\u00edtica y consider\u00f3 \u201cno estar haciendo\u201d el mejor torneo continental en este 2019.<\/p>\n<\/div>\n<\/div>\n<\/article>\n<\/div>\n<div class=\"clearfix\"><\/div>\n<div class=\"detail-body \">\n<article id=\"note-body\" class=\"note-body\" data-twitter-link=\"https:\/\/twitter.com\/intent\/tweet?url=https:\/\/www.minutouno.com\/c5039864&amp;v\u00eda=minutounocom&amp;related=MinutoUno&amp;text=\">\n<div class=\"row\">\n<div class=\"inside-note col-xs-12\">\n<p><strong>\u201cPara enfrentar a Brasil llegamos muy bien, pero debemos estar muy concentrados\u201d,<\/strong>\u00a0expres\u00f3 el capit\u00e1n del equipo que conduce el DT Lionel Scaloni, tras la victoria 2-0 sobre Venezuela, en cuartos de final, en el estadio Maracan\u00e1 de R\u00edo de Janeiro.<\/p>\n<p>El astro rosarino, de 32 a\u00f1os, puntualiz\u00f3 que<strong>\u00a0\u201ces dif\u00edcil elegir un favorito entre Argentina y Brasil\u201d<\/strong>, por la eliminatoria que ambos disputar\u00e1n este martes 2 de julio, en el estadio Mineirao de Belo Horizonte.<\/p>\n<p><strong>\u201cEllos son locales, estar\u00e1n con su gente\u201d,<\/strong>\u00a0contempl\u00f3 el crack del Barcelona, quien hoy sorprendi\u00f3 a muchos cuando enton\u00f3 completo el himno nacional en la previa del compromiso ante la \u201cVinotinto\u201d.<\/p>\n<p>Messi tambi\u00e9n ejerci\u00f3 autocr\u00edtica y<span id=\"saysCMSEmphasis3urbbapfnri\" class=\"saysCMSEmphasis\">\u00a0reconoci\u00f3 \u201cno estar haciendo\u201d la mejor Copa Am\u00e9rica.<\/span>\u00a0Y el 10 del seleccionado albiceleste ejerci\u00f3 un m\u00ednimo descargo en sus discretas labores, atribuy\u00e9ndole cierta responsabilidad al \u201cmal estado\u201d de la mayor\u00eda de los campos de juego.<\/p>\n<p><strong>\u201cLas canchas, realmente, no est\u00e1n bien. No favorecen al buen juego. Siempre es m\u00e1s complicado jugar para nosotros porque los terrenos no est\u00e1n bien\u201d,<\/strong>\u00a0dijo el rosarino.<\/p>\n<p>Messi alberga esperanzas de un buen rendimiento ante el combinado brasile\u00f1o, porque<strong>\u00a0\u201cest\u00e1 defensivamente bien\u201d<\/strong>, aunque reconoci\u00f3 que es un torneo<strong>\u00a0\u201cen donde cualquiera le gana a cualquiera\u201d,<\/strong>\u00a0complet\u00f3.<\/p>\n<\/div>\n<\/div>\n<\/article>\n<\/div>\n","protected":false},"excerpt":{"rendered":"<p>El capit\u00e1n de la Selecci\u00f3n argentina reconoci\u00f3 que no est\u00e1 en su mejor nivel en Brasil 2019. Pero atribuy\u00f3 parte de su baj\u00f3n al mal estado de las canchas. Lionel Messi\u00a0resalt\u00f3 este viernes por la tarde que el\u00a0seleccionado argentino\u00a0llega \u201cmuy bien\u201d para enfrentar a su par de\u00a0Brasil este martes en una de las semifinales de [&hellip;]<\/p>\n","protected":false},"author":1,"featured_media":29066,"comment_status":"closed","ping_status":"closed","sticky":false,"template":"","format":"standard","meta":{"footnotes":""},"categories":[3],"tags":[],"class_list":["post-29065","post","type-post","status-publish","format-standard","has-post-thumbnail","hentry","category-deportes"],"_links":{"self":[{"href":"http:\/\/informateesquina.com\/index.php?rest_route=\/wp\/v2\/posts\/29065","targetHints":{"allow":["GET"]}}],"collection":[{"href":"http:\/\/informateesquina.com\/index.php?rest_route=\/wp\/v2\/posts"}],"about":[{"href":"http:\/\/informateesquina.com\/index.php?rest_route=\/wp\/v2\/types\/post"}],"author":[{"embeddable":true,"href":"http:\/\/informateesquina.com\/index.php?rest_route=\/wp\/v2\/users\/1"}],"replies":[{"embeddable":true,"href":"http:\/\/informateesquina.com\/index.php?rest_route=%2Fwp%2Fv2%2Fcomments&post=29065"}],"version-history":[{"count":0,"href":"http:\/\/informateesquina.com\/index.php?rest_route=\/wp\/v2\/posts\/29065\/revisions"}],"wp:featuredmedia":[{"embeddable":true,"href":"http:\/\/informateesquina.com\/index.php?rest_route=\/"}],"wp:attachment":[{"href":"http:\/\/informateesquina.com\/index.php?rest_route=%2Fwp%2Fv2%2Fmedia&parent=29065"}],"wp:term":[{"taxonomy":"category","embeddable":true,"href":"http:\/\/informateesquina.com\/index.php?rest_route=%2Fwp%2Fv2%2Fcategories&post=29065"},{"taxonomy":"post_tag","embeddable":true,"href":"http:\/\/informateesquina.com\/index.php?rest_route=%2Fwp%2Fv2%2Ftags&post=29065"}],"curies":[{"name":"wp","href":"https:\/\/api.w.org\/{rel}","templated":true}]}}