{"id":29083,"date":"2019-06-29T14:03:12","date_gmt":"2019-06-29T17:03:12","guid":{"rendered":"https:\/\/informateesquina.com\/?p=29083"},"modified":"2019-06-29T14:03:12","modified_gmt":"2019-06-29T17:03:12","slug":"con-la-presencia-de-la-referente-jurisdiccional-se-realizo-el-segundo-encuentro-del-curso-aprender-matematica","status":"publish","type":"post","link":"http:\/\/informateesquina.com\/?p=29083","title":{"rendered":"Con la presencia de la Referente Jurisdiccional, se realiz\u00f3 el Segundo encuentro del Curso Aprender Matem\u00e1tica"},"content":{"rendered":"<p class=\"x_MsoNormal\" style=\"text-align: center;\"><strong><em>Este s\u00e1bado se realiz\u00f3 el Segundo encuentro del Curso Aprender Matem\u00e1tica en las sedes de Capital, Ca\u00e1 Cat\u00ed, Bella Vista, Saladas, Mercedes, Paso de los Libres, Goya, Santa Luc\u00eda, Esquina, Curuz\u00fa Cuati\u00e1, Ituzaing\u00f3 y Santo Tom\u00e9, convocando a docentes de los niveles primario y secundario. La instancia de formaci\u00f3n se encuentra a cargo de 26 formadores, quienes est\u00e1n tambi\u00e9n transitando una actualizaci\u00f3n acad\u00e9mica en Matem\u00e1tica, a cargo de especialistas internacionales.<\/em><\/strong><\/p>\n<p>&nbsp;<\/p>\n<p class=\"x_MsoNormal\">En la Capital correntina, la referente jurisdiccional, Magali Treppiana; la referente pol\u00edtico, Susana Nugara; y miembros del equipo del Programa Nacional de Formaci\u00f3n Permanente\u2013Formaci\u00f3n Situada, recorren los distintos agrupamientos y dialogan con los docentes sobre el impacto que posee la propuesta en las aulas y recalcan la importancia del logro del objetivo planteado: \u201cMejorar los resultados en Matem\u00e1tica, lo cual implica que los estudiantes aprenden y sientan placer al hacerlo\u201d.<\/p>\n<p class=\"x_MsoNormal\">Las razones que llevan a formular esta propuesta se basan en evidencias disponibles respecto de los actuales logros de aprendizaje en Matem\u00e1tica, no s\u00f3lo en resultados cuantitativos surgidos de las evaluaciones nacionales e internacionales, sino tambi\u00e9n en dificultades percibidas en la vinculaci\u00f3n efectiva de los\/as estudiantes con el saber matem\u00e1tico.<\/p>\n","protected":false},"excerpt":{"rendered":"<p>Este s\u00e1bado se realiz\u00f3 el Segundo encuentro del Curso Aprender Matem\u00e1tica en las sedes de Capital, Ca\u00e1 Cat\u00ed, Bella Vista, Saladas, Mercedes, Paso de los Libres, Goya, Santa Luc\u00eda, Esquina, Curuz\u00fa Cuati\u00e1, Ituzaing\u00f3 y Santo Tom\u00e9, convocando a docentes de los niveles primario y secundario. La instancia de formaci\u00f3n se encuentra a cargo de 26 [&hellip;]<\/p>\n","protected":false},"author":1,"featured_media":29084,"comment_status":"closed","ping_status":"closed","sticky":false,"template":"","format":"standard","meta":{"footnotes":""},"categories":[10],"tags":[136],"class_list":["post-29083","post","type-post","status-publish","format-standard","has-post-thumbnail","hentry","category-provinciales","tag-destacados"],"_links":{"self":[{"href":"http:\/\/informateesquina.com\/index.php?rest_route=\/wp\/v2\/posts\/29083","targetHints":{"allow":["GET"]}}],"collection":[{"href":"http:\/\/informateesquina.com\/index.php?rest_route=\/wp\/v2\/posts"}],"about":[{"href":"http:\/\/informateesquina.com\/index.php?rest_route=\/wp\/v2\/types\/post"}],"author":[{"embeddable":true,"href":"http:\/\/informateesquina.com\/index.php?rest_route=\/wp\/v2\/users\/1"}],"replies":[{"embeddable":true,"href":"http:\/\/informateesquina.com\/index.php?rest_route=%2Fwp%2Fv2%2Fcomments&post=29083"}],"version-history":[{"count":0,"href":"http:\/\/informateesquina.com\/index.php?rest_route=\/wp\/v2\/posts\/29083\/revisions"}],"wp:featuredmedia":[{"embeddable":true,"href":"http:\/\/informateesquina.com\/index.php?rest_route=\/"}],"wp:attachment":[{"href":"http:\/\/informateesquina.com\/index.php?rest_route=%2Fwp%2Fv2%2Fmedia&parent=29083"}],"wp:term":[{"taxonomy":"category","embeddable":true,"href":"http:\/\/informateesquina.com\/index.php?rest_route=%2Fwp%2Fv2%2Fcategories&post=29083"},{"taxonomy":"post_tag","embeddable":true,"href":"http:\/\/informateesquina.com\/index.php?rest_route=%2Fwp%2Fv2%2Ftags&post=29083"}],"curies":[{"name":"wp","href":"https:\/\/api.w.org\/{rel}","templated":true}]}}