{"id":29086,"date":"2019-06-30T11:50:33","date_gmt":"2019-06-30T14:50:33","guid":{"rendered":"https:\/\/informateesquina.com\/?p=29086"},"modified":"2019-06-30T11:50:33","modified_gmt":"2019-06-30T14:50:33","slug":"tres-nuevos-sacerdotes-en-la-diocesis-en-goya","status":"publish","type":"post","link":"http:\/\/informateesquina.com\/?p=29086","title":{"rendered":"Tres nuevos sacerdotes en la Di\u00f3cesis en Goya"},"content":{"rendered":"<p>En la iglesia Catedral de la Di\u00f3cesis de Goya, atestada de fieles, el obispo, Adolfo Canec\u00edn consagr\u00f3 tres nuevos sacerdotes, los di\u00e1conos Pablo Esteban Stortti, Pedro Pablo Ojeda y Juan Jos\u00e9 Godoy.<\/p>\n<p>&nbsp;<\/p>\n<p>&nbsp;<\/p>\n<p>Quienes ayer a la tarde fueron ungidos en el segundo grado del Sacramento del Orden Sagrado, el Presbiterado, o como se los llama com\u00fanmente, Sacerdocio, se postraron para recibir con la oraci\u00f3n de las Letan\u00edas de todos los Santos la posterior imposici\u00f3n de manos del Obispo y la unci\u00f3n de sus manos para que puedan celebrar la Misa y absolver de los pecados en el Sacramento de la Reconciliaci\u00f3n, tambi\u00e9n conocido como Confesi\u00f3n.<\/p>\n<p>&nbsp;<\/p>\n<p>&nbsp;<\/p>\n<p>Cabe indicar que durante los tres d\u00edas previos a este s\u00e1bado, 29 de junio, D\u00eda de los santos Pedro y Pablo, por ende D\u00eda del Papa, los entonces di\u00e1conos realizaron un retiro espiritual en el Monasterio de la Di\u00f3cesis con la gu\u00eda del obispo em\u00e9rito, Ricardo Faifer, que en la noche del viernes acompa\u00f1\u00f3 a su sucesor, Canec\u00edn, quien les tom\u00f3 el Juramento o Profesi\u00f3n de Fe de los candidatos al Sacerdocio.<\/p>\n<p>&nbsp;<\/p>\n<p>&nbsp;<\/p>\n<p>La conmovedora celebraci\u00f3n de la Misa de este s\u00e1bado se vivi\u00f3 con fervor y devoci\u00f3n con las plegarias del pueblo reunido para el acontecimiento, una fiesta para toda esta jurisdicci\u00f3n eclesial que comprende siete departamentos de la provincia de Corrientes.<\/p>\n<p>&nbsp;<\/p>\n<p>&nbsp;<\/p>\n<p>Cabe recordar, como se inform\u00f3 en la edici\u00f3n de ayer, que el ahora padre Pablo Esteban Stortti naci\u00f3 el 16 de agosto de 1988 en la ciudad de Goya y su lema de consagraci\u00f3n es &#8220;Como mi Padre me envi\u00f3, yo los env\u00edo a ustedes&#8221; (Jn 20, 21); el padre Pedro Pablo Ojeda naci\u00f3 el 26 de abril de 1987 en Esquina y eligi\u00f3 de lema para su Ministerio &#8220;Para servir y dar la vida&#8221; (Mc 10, 45); el padre Juan Jos\u00e9 Godoy, tambi\u00e9n oriundo de Goya, naci\u00f3 el 19 de noviembre de 1980, su lema de Consagraci\u00f3n sacerdotal es &#8220;H\u00e1gase en mi seg\u00fan tu palabra&#8221; (Lc 1, 38).<\/p>\n<p>&nbsp;<\/p>\n<p>&nbsp;<\/p>\n<p>&#8220;Los presb\u00edteros, aunque no tienen la cumbre del pontificado y dependen de los Obispos en el ejercicio de su potestad, est\u00e1n, sin embargo, unidos con ellos en el honor del sacerdocio y, en virtud del Sacramento del Orden, han sido consagrados como verdaderos sacerdotes del Nuevo Testamento, a imagen de Cristo, sumo y eterno Sacerdote&#8221;, indica el Magisterio de la Iglesia.<\/p>\n<p>&nbsp;<\/p>\n<p>&nbsp;<\/p>\n","protected":false},"excerpt":{"rendered":"<p>En la iglesia Catedral de la Di\u00f3cesis de Goya, atestada de fieles, el obispo, Adolfo Canec\u00edn consagr\u00f3 tres nuevos sacerdotes, los di\u00e1conos Pablo Esteban Stortti, Pedro Pablo Ojeda y Juan Jos\u00e9 Godoy. &nbsp; &nbsp; Quienes ayer a la tarde fueron ungidos en el segundo grado del Sacramento del Orden Sagrado, el Presbiterado, o como se [&hellip;]<\/p>\n","protected":false},"author":1,"featured_media":29087,"comment_status":"closed","ping_status":"closed","sticky":false,"template":"","format":"standard","meta":{"footnotes":""},"categories":[11],"tags":[136],"class_list":["post-29086","post","type-post","status-publish","format-standard","has-post-thumbnail","hentry","category-sociedad","tag-destacados"],"_links":{"self":[{"href":"http:\/\/informateesquina.com\/index.php?rest_route=\/wp\/v2\/posts\/29086","targetHints":{"allow":["GET"]}}],"collection":[{"href":"http:\/\/informateesquina.com\/index.php?rest_route=\/wp\/v2\/posts"}],"about":[{"href":"http:\/\/informateesquina.com\/index.php?rest_route=\/wp\/v2\/types\/post"}],"author":[{"embeddable":true,"href":"http:\/\/informateesquina.com\/index.php?rest_route=\/wp\/v2\/users\/1"}],"replies":[{"embeddable":true,"href":"http:\/\/informateesquina.com\/index.php?rest_route=%2Fwp%2Fv2%2Fcomments&post=29086"}],"version-history":[{"count":0,"href":"http:\/\/informateesquina.com\/index.php?rest_route=\/wp\/v2\/posts\/29086\/revisions"}],"wp:featuredmedia":[{"embeddable":true,"href":"http:\/\/informateesquina.com\/index.php?rest_route=\/"}],"wp:attachment":[{"href":"http:\/\/informateesquina.com\/index.php?rest_route=%2Fwp%2Fv2%2Fmedia&parent=29086"}],"wp:term":[{"taxonomy":"category","embeddable":true,"href":"http:\/\/informateesquina.com\/index.php?rest_route=%2Fwp%2Fv2%2Fcategories&post=29086"},{"taxonomy":"post_tag","embeddable":true,"href":"http:\/\/informateesquina.com\/index.php?rest_route=%2Fwp%2Fv2%2Ftags&post=29086"}],"curies":[{"name":"wp","href":"https:\/\/api.w.org\/{rel}","templated":true}]}}