{"id":29092,"date":"2019-07-01T10:21:05","date_gmt":"2019-07-01T13:21:05","guid":{"rendered":"https:\/\/informateesquina.com\/?p=29092"},"modified":"2019-07-01T10:21:05","modified_gmt":"2019-07-01T13:21:05","slug":"se-consagro-campeon-en-corrientes-y-se-mato-al-chocar-un-poste-de-luz","status":"publish","type":"post","link":"http:\/\/informateesquina.com\/?p=29092","title":{"rendered":"Se consagr\u00f3 campe\u00f3n en Corrientes y se mat\u00f3 al chocar un poste de luz"},"content":{"rendered":"<div class=\"col-md-12\">\n<h2><span style=\"color: #666666; font-family: Roboto, sans-serif; font-size: 15px;\">En las \u00faltimas horas, un joven de 24 a\u00f1os falleci\u00f3 tras chocar contra un poste de luz en la Ruta Nacional 40, en Rawson. Hace apenas algunos d\u00edas se hab\u00eda consagrado como campe\u00f3n argentino en la categor\u00eda hasta 91 kilos, en Corrientes. Cristian Mart\u00ednez, Director de la escuela de boxeo, dialog\u00f3 con Radio Sudamericana y se mostr\u00f3 muy conmovido por la situaci\u00f3n.\u00a0<\/span><\/h2>\n<div class=\"image_review_wrapper\">\n<div class=\"swiper-container swiper-container-horizontal swiper-container-android\">\n<div class=\"swiper-wrapper\">\n<div class=\"swiper-slide swiper-slide-active\"><a href=\"http:\/\/www.radiosudamericana.com\/notix\/multimedia\/imagenes\/fotos\/2019-07-01\/747348.jpg\"><img decoding=\"async\" class=\"img-responsive\" src=\"http:\/\/www.radiosudamericana.com\/notix\/multimedia\/imagenes\/fotos\/2019-07-01\/747348.jpg\" alt=\"Responsive image\" \/><\/a><\/div>\n<div class=\"swiper-slide swiper-slide-next\"><a href=\"http:\/\/www.radiosudamericana.com\/notix\/multimedia\/imagenes\/fotos\/2019-07-01\/859175.jpg\"><img decoding=\"async\" class=\"img-responsive\" src=\"http:\/\/www.radiosudamericana.com\/notix\/multimedia\/imagenes\/fotos\/2019-07-01\/859175.jpg\" alt=\"Responsive image\" \/><\/a><\/div>\n<div class=\"swiper-slide\"><a href=\"http:\/\/www.radiosudamericana.com\/notix\/multimedia\/imagenes\/fotos\/2019-07-01\/654026.jpg\"><img decoding=\"async\" class=\"img-responsive\" src=\"http:\/\/www.radiosudamericana.com\/notix\/multimedia\/imagenes\/fotos\/2019-07-01\/654026.jpg\" alt=\"Responsive image\" \/><\/a><\/div>\n<\/div>\n<\/div>\n<\/div>\n<\/div>\n<p>Mariano Emanuel \u201cNani\u201d Castro\u00a0falleci\u00f3 este domingo tras protagonizar un violento accidente sobre Ruta Nacional 40, entre\u00a0General Acha\u00a0y\u00a0Progreso.<\/p>\n<p>Seg\u00fan trascendidos, el joven iba a bordo de un\u00a0Fiat Uno\u00a0cuando, por causas que a\u00fan se tratan de determinar,\u00a0perdi\u00f3 el control del rodado\u00a0e impact\u00f3 contra un poste de luz.<\/p>\n<p><img decoding=\"async\" class=\"img-responsive\" src=\"http:\/\/www.radiosudamericana.com\/notix\/multimedia\/imagenes\/fotos\/2019-07-01\/859175.jpg\" \/><\/p>\n<p>El joven atleta pertenec\u00eda a la\u00a0Selecci\u00f3n Sanjuanina de Boxeo\u00a0y era una de las promesas del deporte de los pu\u00f1os. Si bien se dedic\u00f3 al kick boxing durante gran parte de su adolescencia, en los \u00faltimos a\u00f1os hab\u00eda elegido el box.<\/p>\n<p><strong>Campe\u00f3n en Corrientes\u00a0<\/strong><\/p>\n<p>Se inici\u00f3 en el mundo del boxeo a los 18 a\u00f1os, pero\u00a0su carrera empez\u00f3 a los 6, cuando comenz\u00f3 a practicar kung fu.\u00a0Entre los 12 y los 16 prob\u00f3 con el Kick boxing, antes de tomarse dos a\u00f1os para decidirse por el box.<\/p>\n<p><img decoding=\"async\" class=\"img-responsive\" src=\"http:\/\/www.radiosudamericana.com\/notix\/multimedia\/imagenes\/fotos\/2019-07-01\/654026.jpg\" \/><\/p>\n<p>De familia aficionada a las artes marciales, Castro logr\u00f3 formar parte de la\u00a0Selecci\u00f3n Sanjuanina de Boxeo\u00a0y contaba con apoyo de la Secretar\u00eda de Deportes local.<\/p>\n<p>El jueves pasado se hab\u00eda consagrado\u00a0campe\u00f3n argentino amateur\u00a0en la categor\u00eda peso ligero tras vencer en el primer round al formose\u00f1o Santiago Sanabria. Para sostener su carrera trabajaba en un emprendimiento de seguridad electr\u00f3nica junto a su padre.<\/p>\n<p>FUENTE: Radio Sudamericana<\/p>\n","protected":false},"excerpt":{"rendered":"<p>En las \u00faltimas horas, un joven de 24 a\u00f1os falleci\u00f3 tras chocar contra un poste de luz en la Ruta Nacional 40, en Rawson. Hace apenas algunos d\u00edas se hab\u00eda consagrado como campe\u00f3n argentino en la categor\u00eda hasta 91 kilos, en Corrientes. Cristian Mart\u00ednez, Director de la escuela de boxeo, dialog\u00f3 con Radio Sudamericana y [&hellip;]<\/p>\n","protected":false},"author":1,"featured_media":29093,"comment_status":"closed","ping_status":"closed","sticky":false,"template":"","format":"standard","meta":{"footnotes":""},"categories":[8],"tags":[],"class_list":["post-29092","post","type-post","status-publish","format-standard","has-post-thumbnail","hentry","category-policiales"],"_links":{"self":[{"href":"http:\/\/informateesquina.com\/index.php?rest_route=\/wp\/v2\/posts\/29092","targetHints":{"allow":["GET"]}}],"collection":[{"href":"http:\/\/informateesquina.com\/index.php?rest_route=\/wp\/v2\/posts"}],"about":[{"href":"http:\/\/informateesquina.com\/index.php?rest_route=\/wp\/v2\/types\/post"}],"author":[{"embeddable":true,"href":"http:\/\/informateesquina.com\/index.php?rest_route=\/wp\/v2\/users\/1"}],"replies":[{"embeddable":true,"href":"http:\/\/informateesquina.com\/index.php?rest_route=%2Fwp%2Fv2%2Fcomments&post=29092"}],"version-history":[{"count":0,"href":"http:\/\/informateesquina.com\/index.php?rest_route=\/wp\/v2\/posts\/29092\/revisions"}],"wp:featuredmedia":[{"embeddable":true,"href":"http:\/\/informateesquina.com\/index.php?rest_route=\/"}],"wp:attachment":[{"href":"http:\/\/informateesquina.com\/index.php?rest_route=%2Fwp%2Fv2%2Fmedia&parent=29092"}],"wp:term":[{"taxonomy":"category","embeddable":true,"href":"http:\/\/informateesquina.com\/index.php?rest_route=%2Fwp%2Fv2%2Fcategories&post=29092"},{"taxonomy":"post_tag","embeddable":true,"href":"http:\/\/informateesquina.com\/index.php?rest_route=%2Fwp%2Fv2%2Ftags&post=29092"}],"curies":[{"name":"wp","href":"https:\/\/api.w.org\/{rel}","templated":true}]}}