{"id":29105,"date":"2019-07-01T12:16:13","date_gmt":"2019-07-01T15:16:13","guid":{"rendered":"https:\/\/informateesquina.com\/?p=29105"},"modified":"2019-07-01T12:16:13","modified_gmt":"2019-07-01T15:16:13","slug":"volco-un-micro-con-jubilados-en-tucuman-y-hay-al-menos-13-muertos","status":"publish","type":"post","link":"http:\/\/informateesquina.com\/?p=29105","title":{"rendered":"Volc\u00f3 un micro con jubilados en Tucum\u00e1n y hay al menos 13 muertos"},"content":{"rendered":"<div class=\"col-md-12\">\n<h2><span style=\"color: #666666; font-family: Roboto, sans-serif; font-size: 15px;\">Al menos 13 muertos y 30 heridos tras el vuelco de un colectivo en La Madrid, el siniestro se registr\u00f3 esta ma\u00f1ana entre las rutas 157 y 308.<\/span><\/h2>\n<div class=\"image_review_wrapper\">\n<div class=\"swiper-container swiper-container-horizontal swiper-container-android\">\n<div class=\"swiper-wrapper\">\n<div class=\"swiper-slide swiper-slide-active\"><a href=\"http:\/\/www.radiosudamericana.com\/notix\/multimedia\/imagenes\/fotos\/2019-07-01\/798591.jpg\"><img decoding=\"async\" class=\"img-responsive\" src=\"http:\/\/www.radiosudamericana.com\/notix\/multimedia\/imagenes\/fotos\/2019-07-01\/798591.jpg\" alt=\"Responsive image\" \/><\/a><\/div>\n<div class=\"swiper-slide swiper-slide-next\"><a href=\"http:\/\/www.radiosudamericana.com\/notix\/multimedia\/imagenes\/fotos\/2019-07-01\/786058.jpg\"><img decoding=\"async\" class=\"img-responsive\" src=\"http:\/\/www.radiosudamericana.com\/notix\/multimedia\/imagenes\/fotos\/2019-07-01\/786058.jpg\" alt=\"Responsive image\" \/><\/a><\/div>\n<div class=\"swiper-slide\"><a href=\"http:\/\/www.radiosudamericana.com\/notix\/multimedia\/imagenes\/fotos\/2019-07-01\/541945.jpg\"><img decoding=\"async\" class=\"img-responsive\" src=\"http:\/\/www.radiosudamericana.com\/notix\/multimedia\/imagenes\/fotos\/2019-07-01\/541945.jpg\" alt=\"Responsive image\" \/><\/a><\/div>\n<div class=\"swiper-slide\"><a href=\"http:\/\/www.radiosudamericana.com\/notix\/multimedia\/imagenes\/fotos\/2019-07-01\/337488.jpg\"><img decoding=\"async\" class=\"img-responsive\" src=\"http:\/\/www.radiosudamericana.com\/notix\/multimedia\/imagenes\/fotos\/2019-07-01\/337488.jpg\" alt=\"Responsive image\" \/><\/a><\/div>\n<\/div>\n<\/div>\n<\/div>\n<\/div>\n<div class=\"col-md-12\"><\/div>\n<p>Al menos 13\u00a0personas murieron y otras de 30 resultados con heridas de consideraci\u00f3n esta ma\u00f1ana tras el vuelco de un colectivo en la ciudad de La Madrid, en el sur provincial.<\/p>\n<p><img decoding=\"async\" class=\"img-responsive\" src=\"http:\/\/www.radiosudamericana.com\/notix\/multimedia\/imagenes\/fotos\/2019-07-01\/541945.jpg\" \/><\/p>\n<p>De acuerdo a lo que se inform\u00f3, el hecho se produjo alrededor de las 10 en los cruces de las rutas 157 y 308. El \u00f3mnibus trasladaba a un contingente de jubilados que hab\u00eda partido desde Mendoza con destino a la ciudad santiague\u00f1a de Termas de R\u00edo Hondo.<\/p>\n<p>Los testigos aseguran que en el momento del accidente la visibilidad era baja como consecuencia de una intensa neblina. Esto habr\u00eda afectado al chofer, que no advirti\u00f3 la curva para empalmar a la ruta 157.<\/p>\n<p><img decoding=\"async\" class=\"img-responsive\" src=\"http:\/\/www.radiosudamericana.com\/notix\/multimedia\/imagenes\/fotos\/2019-07-01\/786058.jpg\" \/><\/p>\n<p>Fuentes policiales indicaron a LA GACETA que los viajeros hab\u00edan partido ayer a las 20 desde Mendoza en el colectivo de la empresa Turismo Maip\u00fa.<\/p>\n<p>No es el primer siniestro vial que se produce en la zona. En el \u00faltimo mes se registraron al menos otros tres. Los vecinos del sur de la provincia se quejaron por la escasa se\u00f1alizaci\u00f3n que hay en el lugar.<\/p>\n<p>M\u00e1s de 30 ambulancias partieron desde diferentes puntos de la provincia para auxiliar a las v\u00edctimas. Tambi\u00e9n se hicieron presentes cuatro dotaciones de bomberos para colaborar con las tareas de rescate.<\/p>\n<p><img decoding=\"async\" class=\"img-responsive\" src=\"http:\/\/www.radiosudamericana.com\/notix\/multimedia\/imagenes\/fotos\/2019-07-01\/337488.jpg\" \/><\/p>\n<p>Fuente: La Gaceta de Tucum\u00e1n<\/p>\n","protected":false},"excerpt":{"rendered":"<p>Al menos 13 muertos y 30 heridos tras el vuelco de un colectivo en La Madrid, el siniestro se registr\u00f3 esta ma\u00f1ana entre las rutas 157 y 308. Al menos 13\u00a0personas murieron y otras de 30 resultados con heridas de consideraci\u00f3n esta ma\u00f1ana tras el vuelco de un colectivo en la ciudad de La Madrid, [&hellip;]<\/p>\n","protected":false},"author":1,"featured_media":29106,"comment_status":"closed","ping_status":"closed","sticky":false,"template":"","format":"standard","meta":{"footnotes":""},"categories":[8],"tags":[],"class_list":["post-29105","post","type-post","status-publish","format-standard","has-post-thumbnail","hentry","category-policiales"],"_links":{"self":[{"href":"http:\/\/informateesquina.com\/index.php?rest_route=\/wp\/v2\/posts\/29105","targetHints":{"allow":["GET"]}}],"collection":[{"href":"http:\/\/informateesquina.com\/index.php?rest_route=\/wp\/v2\/posts"}],"about":[{"href":"http:\/\/informateesquina.com\/index.php?rest_route=\/wp\/v2\/types\/post"}],"author":[{"embeddable":true,"href":"http:\/\/informateesquina.com\/index.php?rest_route=\/wp\/v2\/users\/1"}],"replies":[{"embeddable":true,"href":"http:\/\/informateesquina.com\/index.php?rest_route=%2Fwp%2Fv2%2Fcomments&post=29105"}],"version-history":[{"count":0,"href":"http:\/\/informateesquina.com\/index.php?rest_route=\/wp\/v2\/posts\/29105\/revisions"}],"wp:featuredmedia":[{"embeddable":true,"href":"http:\/\/informateesquina.com\/index.php?rest_route=\/"}],"wp:attachment":[{"href":"http:\/\/informateesquina.com\/index.php?rest_route=%2Fwp%2Fv2%2Fmedia&parent=29105"}],"wp:term":[{"taxonomy":"category","embeddable":true,"href":"http:\/\/informateesquina.com\/index.php?rest_route=%2Fwp%2Fv2%2Fcategories&post=29105"},{"taxonomy":"post_tag","embeddable":true,"href":"http:\/\/informateesquina.com\/index.php?rest_route=%2Fwp%2Fv2%2Ftags&post=29105"}],"curies":[{"name":"wp","href":"https:\/\/api.w.org\/{rel}","templated":true}]}}