{"id":29118,"date":"2019-07-02T11:59:57","date_gmt":"2019-07-02T14:59:57","guid":{"rendered":"https:\/\/informateesquina.com\/?p=29118"},"modified":"2019-07-02T11:59:57","modified_gmt":"2019-07-02T14:59:57","slug":"san-miguel-encontraron-un-cuerpo-completamente-quemado-arriba-de-una-fogata","status":"publish","type":"post","link":"http:\/\/informateesquina.com\/?p=29118","title":{"rendered":"San Miguel: encontraron  un cuerpo completamente quemado arriba de una fogata"},"content":{"rendered":"<div class=\"col-md-12\">\n<div>\n<p>El hecho ocurri\u00f3 el lunes al mediod\u00eda en una precaria vivienda ubicada en un paraje de San Miguel. Seg\u00fan los primeros datos, el cuerpo de un hombre de 53 a\u00f1os fue hallado completamente quemado arriba de una fogata. Intentan determinar qu\u00e9 fue lo que ocurri\u00f3 en la vivienda.<\/p>\n<\/div>\n<div class=\"image_review_wrapper\">\n<div class=\"swiper-container swiper-container-horizontal swiper-container-android\">\n<div class=\"swiper-wrapper\">\n<div class=\"swiper-slide swiper-slide-active\"><a href=\"http:\/\/www.radiosudamericana.com\/notix\/multimedia\/imagenes\/fotos\/2019-07-02\/866884.jpg\"><img decoding=\"async\" class=\"img-responsive\" src=\"http:\/\/www.radiosudamericana.com\/notix\/multimedia\/imagenes\/fotos\/2019-07-02\/866884.jpg\" alt=\"Responsive image\" \/><\/a><\/div>\n<\/div>\n<\/div>\n<\/div>\n<\/div>\n<div class=\"col-md-12\"><\/div>\n<div class=\"col-md-12\">\n<div><audio src=\"http:\/\/www.radiosudamericana.com\/notix\/\/multimedia\/audios\/2019-07-02\/934357.mp3\" controls=\"controls\" data-mce-fragment=\"1\"><\/audio><\/div>\n<\/div>\n<p>&nbsp;<\/p>\n<p>El hecho ocurri\u00f3 el lunes en horas del mediod\u00eda en un paraje\u00a0 ubicado a 10 kil\u00f3metros de San Miguel, Corrientes. El cronista de Radio Sudamericana inform\u00f3 que en una precaria casilla apareci\u00f3 el cuerpo sin vida de un hombre de 53 a\u00f1os completamente quemado.<\/p>\n<p>Las primeras pericias indican que el cuerpo fue hallado arriba de una fogata, completamente quemado. Se trata de Pantale\u00f3n Falc\u00f3n de 53 a\u00f1os, quien tendr\u00eda problemas de alcoholismo y viv\u00eda solo.<\/p>\n<p>Si bien las causas de la muerte fueron por quemaduras e inhalaci\u00f3n de mon\u00f3xido de carbono, intentan determinar c\u00f3mo se sucedieron los hechos.<\/p>\n<p>Fuente: Radio Sudamericana<\/p>\n","protected":false},"excerpt":{"rendered":"<p>El hecho ocurri\u00f3 el lunes al mediod\u00eda en una precaria vivienda ubicada en un paraje de San Miguel. Seg\u00fan los primeros datos, el cuerpo de un hombre de 53 a\u00f1os fue hallado completamente quemado arriba de una fogata. Intentan determinar qu\u00e9 fue lo que ocurri\u00f3 en la vivienda. &nbsp; El hecho ocurri\u00f3 el lunes en [&hellip;]<\/p>\n","protected":false},"author":1,"featured_media":29119,"comment_status":"closed","ping_status":"closed","sticky":false,"template":"","format":"standard","meta":{"footnotes":""},"categories":[8],"tags":[],"class_list":["post-29118","post","type-post","status-publish","format-standard","has-post-thumbnail","hentry","category-policiales"],"_links":{"self":[{"href":"http:\/\/informateesquina.com\/index.php?rest_route=\/wp\/v2\/posts\/29118","targetHints":{"allow":["GET"]}}],"collection":[{"href":"http:\/\/informateesquina.com\/index.php?rest_route=\/wp\/v2\/posts"}],"about":[{"href":"http:\/\/informateesquina.com\/index.php?rest_route=\/wp\/v2\/types\/post"}],"author":[{"embeddable":true,"href":"http:\/\/informateesquina.com\/index.php?rest_route=\/wp\/v2\/users\/1"}],"replies":[{"embeddable":true,"href":"http:\/\/informateesquina.com\/index.php?rest_route=%2Fwp%2Fv2%2Fcomments&post=29118"}],"version-history":[{"count":0,"href":"http:\/\/informateesquina.com\/index.php?rest_route=\/wp\/v2\/posts\/29118\/revisions"}],"wp:featuredmedia":[{"embeddable":true,"href":"http:\/\/informateesquina.com\/index.php?rest_route=\/"}],"wp:attachment":[{"href":"http:\/\/informateesquina.com\/index.php?rest_route=%2Fwp%2Fv2%2Fmedia&parent=29118"}],"wp:term":[{"taxonomy":"category","embeddable":true,"href":"http:\/\/informateesquina.com\/index.php?rest_route=%2Fwp%2Fv2%2Fcategories&post=29118"},{"taxonomy":"post_tag","embeddable":true,"href":"http:\/\/informateesquina.com\/index.php?rest_route=%2Fwp%2Fv2%2Ftags&post=29118"}],"curies":[{"name":"wp","href":"https:\/\/api.w.org\/{rel}","templated":true}]}}