{"id":29121,"date":"2019-07-02T13:24:23","date_gmt":"2019-07-02T16:24:23","guid":{"rendered":"https:\/\/informateesquina.com\/?p=29121"},"modified":"2019-07-02T13:24:23","modified_gmt":"2019-07-02T16:24:23","slug":"abuso-sexual-a-una-menor-pedido-de-captura-nacional-e-internacional-para-el-imputado-profugo","status":"publish","type":"post","link":"http:\/\/informateesquina.com\/?p=29121","title":{"rendered":"Abuso sexual a una menor: Pedido de captura nacional e internacional para el imputado pr\u00f3fugo"},"content":{"rendered":"<p><main><\/p>\n<article id=\"item\">\n<header>\n<h5>Corrientes Capital- El abogado de la querella, Gustavo Briend, afirm\u00f3 que hay una orden de\u00a0 detenci\u00f3n contra el imputado de abuso sexual a una menor, Dar\u00edo Emanuel Aguirre, que se encuentra pr\u00f3fugo y un pedido de captura nacional e internacional. Tambi\u00e9n se\u00f1al\u00f3 que pedir\u00e1n que se instrumente una recompensa para dar m\u00e1s rapidamente con el pr\u00f3fugo. La pr\u00f3xima audiencia del juicio ser\u00e1 el jueves alas 1<\/h5>\n<\/header>\n<div class=\"content\">\n<section class=\"body\">\n<div class=\"share\"><\/div>\n<p>El letrado dijo que fue Aguirre fue declarado\u00a0 \u201cen rebeld\u00eda\u201d y que hay para \u00e9l una orden de captura nacional\u00a0 e internacional.Sobre la fuga del acusado, el letrado expres\u00f3 que \u201cesto perjudica notablemente si no aparece en la \u00faltima\u00a0 audiencia, en la\u00a0 que se dar\u00eda a conocer la sentencia, el juicio vuelve a fojas cero\u201d.<\/p>\n<p>Mencion\u00f3 al respecto que \u00a0Aguirre \u201cno fue \u00a0hallado en el domicilio de los padres ni\u00a0 en su domicilio\u201d.<\/p>\n<div id=\"div-gpt-ad-1539011567492-0\" class=\"adblock\" data-google-query-id=\"CIDdycnRluMCFQVVwQod76AJ6g\">\n<div id=\"google_ads_iframe_\/21749796353\/RadioDos-Movil-300_2_0__container__\"><iframe id=\"google_ads_iframe_\/21749796353\/RadioDos-Movil-300_2_0\" title=\"3rd party ad content\" name=\"google_ads_iframe_\/21749796353\/RadioDos-Movil-300_2_0\" width=\"300\" height=\"250\" frameborder=\"0\" marginwidth=\"0\" marginheight=\"0\" scrolling=\"no\" data-google-container-id=\"3\" data-load-complete=\"true\" data-mce-fragment=\"1\"><\/iframe><\/div>\n<\/div>\n<p>En tanto,\u00a0 se\u00f1al\u00f3 que pedir\u00e1n a las autoridades \u201cque arbitre los medios , para pedir recompensa\u00a0 y que sea buscado en todo \u00a0el territorio\u00a0 nacional e internacional\u201d<\/p>\n<p>El Tribunal dispuso una nueva audiencia formal, para el jueves a partir de las 10.<\/p>\n<p>Fuente Radio Dos<\/p>\n<p>&nbsp;<\/p>\n<div class=\"center large m_image\">\n<figure><img decoding=\"async\" class=\"large\" src=\"https:\/\/www.radiodos.com.ar\/content\/bucket\/7\/38217w720.jpg\" alt=\"abuso sexual.jpg\" \/><\/figure>\n<\/div>\n<div class=\"related\">\n<h3 class=\"title\"><\/h3>\n<\/div>\n<\/section>\n<\/div>\n<\/article>\n<p><\/main><\/p>\n","protected":false},"excerpt":{"rendered":"<p>Corrientes Capital- El abogado de la querella, Gustavo Briend, afirm\u00f3 que hay una orden de\u00a0 detenci\u00f3n contra el imputado de abuso sexual a una menor, Dar\u00edo Emanuel Aguirre, que se encuentra pr\u00f3fugo y un pedido de captura nacional e internacional. Tambi\u00e9n se\u00f1al\u00f3 que pedir\u00e1n que se instrumente una recompensa para dar m\u00e1s rapidamente con el [&hellip;]<\/p>\n","protected":false},"author":1,"featured_media":29122,"comment_status":"closed","ping_status":"closed","sticky":false,"template":"","format":"standard","meta":{"footnotes":""},"categories":[8],"tags":[],"class_list":["post-29121","post","type-post","status-publish","format-standard","has-post-thumbnail","hentry","category-policiales"],"_links":{"self":[{"href":"http:\/\/informateesquina.com\/index.php?rest_route=\/wp\/v2\/posts\/29121","targetHints":{"allow":["GET"]}}],"collection":[{"href":"http:\/\/informateesquina.com\/index.php?rest_route=\/wp\/v2\/posts"}],"about":[{"href":"http:\/\/informateesquina.com\/index.php?rest_route=\/wp\/v2\/types\/post"}],"author":[{"embeddable":true,"href":"http:\/\/informateesquina.com\/index.php?rest_route=\/wp\/v2\/users\/1"}],"replies":[{"embeddable":true,"href":"http:\/\/informateesquina.com\/index.php?rest_route=%2Fwp%2Fv2%2Fcomments&post=29121"}],"version-history":[{"count":0,"href":"http:\/\/informateesquina.com\/index.php?rest_route=\/wp\/v2\/posts\/29121\/revisions"}],"wp:featuredmedia":[{"embeddable":true,"href":"http:\/\/informateesquina.com\/index.php?rest_route=\/"}],"wp:attachment":[{"href":"http:\/\/informateesquina.com\/index.php?rest_route=%2Fwp%2Fv2%2Fmedia&parent=29121"}],"wp:term":[{"taxonomy":"category","embeddable":true,"href":"http:\/\/informateesquina.com\/index.php?rest_route=%2Fwp%2Fv2%2Fcategories&post=29121"},{"taxonomy":"post_tag","embeddable":true,"href":"http:\/\/informateesquina.com\/index.php?rest_route=%2Fwp%2Fv2%2Ftags&post=29121"}],"curies":[{"name":"wp","href":"https:\/\/api.w.org\/{rel}","templated":true}]}}