{"id":29124,"date":"2019-07-02T13:52:57","date_gmt":"2019-07-02T16:52:57","guid":{"rendered":"https:\/\/informateesquina.com\/?p=29124"},"modified":"2019-07-02T13:52:57","modified_gmt":"2019-07-02T16:52:57","slug":"programacion-de-los-festejos-por-el-dia-de-la-independencia","status":"publish","type":"post","link":"http:\/\/informateesquina.com\/?p=29124","title":{"rendered":"Programaci\u00f3n de los festejos por el D\u00eda de la Independencia"},"content":{"rendered":"<p style=\"text-align: center;\"><strong><em>La Municipalidad de Esquina a trav\u00e9s de la Direcci\u00f3n de Cultura dio a conocer la programaci\u00f3n del Acto en conmemoraci\u00f3n a la Declaraci\u00f3n de la Independencia de 1816, el cual se llevar\u00e1 a cabo el martes 9 de julio a partir de las 10 horas en la plaza &#8220;9 de Julio&#8221;.<\/em><\/strong><\/p>\n<p>&nbsp;<\/p>\n<p>A partir de las 9.30 est\u00e1 previsto la recepci\u00f3n de autoridades en las instalaciones de la Escuela Normal &#8220;Dr. J. Alfredo Ferreyra&#8221;. En tanto que a las 10 horas ser\u00e1 el ingreso de autoridades, luego el se entonar\u00e1 el Himno Nacional Argentino, colocaci\u00f3n de ofrenda floral, invocaci\u00f3n religiosa.<\/p>\n<p>Luego habr\u00e1 palabras alusivas, retiro de las banderas de ceremonia y por \u00faltimo desconcentraci\u00f3n.<\/p>\n","protected":false},"excerpt":{"rendered":"<p>La Municipalidad de Esquina a trav\u00e9s de la Direcci\u00f3n de Cultura dio a conocer la programaci\u00f3n del Acto en conmemoraci\u00f3n a la Declaraci\u00f3n de la Independencia de 1816, el cual se llevar\u00e1 a cabo el martes 9 de julio a partir de las 10 horas en la plaza &#8220;9 de Julio&#8221;. &nbsp; A partir de [&hellip;]<\/p>\n","protected":false},"author":1,"featured_media":29125,"comment_status":"closed","ping_status":"closed","sticky":false,"template":"","format":"standard","meta":{"footnotes":""},"categories":[6],"tags":[136],"class_list":["post-29124","post","type-post","status-publish","format-standard","has-post-thumbnail","hentry","category-locales","tag-destacados"],"_links":{"self":[{"href":"http:\/\/informateesquina.com\/index.php?rest_route=\/wp\/v2\/posts\/29124","targetHints":{"allow":["GET"]}}],"collection":[{"href":"http:\/\/informateesquina.com\/index.php?rest_route=\/wp\/v2\/posts"}],"about":[{"href":"http:\/\/informateesquina.com\/index.php?rest_route=\/wp\/v2\/types\/post"}],"author":[{"embeddable":true,"href":"http:\/\/informateesquina.com\/index.php?rest_route=\/wp\/v2\/users\/1"}],"replies":[{"embeddable":true,"href":"http:\/\/informateesquina.com\/index.php?rest_route=%2Fwp%2Fv2%2Fcomments&post=29124"}],"version-history":[{"count":0,"href":"http:\/\/informateesquina.com\/index.php?rest_route=\/wp\/v2\/posts\/29124\/revisions"}],"wp:featuredmedia":[{"embeddable":true,"href":"http:\/\/informateesquina.com\/index.php?rest_route=\/"}],"wp:attachment":[{"href":"http:\/\/informateesquina.com\/index.php?rest_route=%2Fwp%2Fv2%2Fmedia&parent=29124"}],"wp:term":[{"taxonomy":"category","embeddable":true,"href":"http:\/\/informateesquina.com\/index.php?rest_route=%2Fwp%2Fv2%2Fcategories&post=29124"},{"taxonomy":"post_tag","embeddable":true,"href":"http:\/\/informateesquina.com\/index.php?rest_route=%2Fwp%2Fv2%2Ftags&post=29124"}],"curies":[{"name":"wp","href":"https:\/\/api.w.org\/{rel}","templated":true}]}}