{"id":29133,"date":"2019-07-02T18:12:06","date_gmt":"2019-07-02T21:12:06","guid":{"rendered":"https:\/\/informateesquina.com\/?p=29133"},"modified":"2019-07-02T18:12:06","modified_gmt":"2019-07-02T21:12:06","slug":"a-las-17-40-se-hizo-de-noche-en-la-argentina-asi-se-vivio-el-eclipse-total-de-sol","status":"publish","type":"post","link":"http:\/\/informateesquina.com\/?p=29133","title":{"rendered":"A las 17.40 se hizo de noche en la Argentina: as\u00ed se vivi\u00f3 el eclipse total de Sol"},"content":{"rendered":"<div class=\"detail-body \">\n<div class=\"preview\">\n<h3>El fen\u00f3meno astron\u00f3mico que moviliz\u00f3 a miles de todo el mundo hacia nuestro pa\u00eds se pudo observar en su plenitud en el centro de San Juan, sur de La Rioja, norte de San Luis, centro y sur de C\u00f3rdoba, sur de Santa Fe y buena parte del norte de Buenos Aires.<\/h3>\n<\/div>\n<\/div>\n<div class=\"detail-body\">\n<article id=\"note-body\" class=\"note-body first\" data-twitter-link=\"https:\/\/twitter.com\/intent\/tweet?url=https:\/\/www.minutouno.com\/c5040501&amp;v\u00eda=minutounocom&amp;related=MinutoUno&amp;text=\">\n<div class=\"row\">\n<div class=\"inside-note col-xs-12\">\n<p>El\u00a0<a class=\"agrupador\" href=\"http:\/\/www.minutouno.com\/eclipse-a6034\" rel=\"6034\">eclipse<\/a>\u00a0total de Sol comenz\u00f3 a verse en la Argentina pasadas las 16.30 y se pudo disfrutar a la perfecci\u00f3n en una amplia franja que se prolong\u00f3 entre las provincias de San Juan y Buenos Aires.<\/p>\n<\/div>\n<\/div>\n<\/article>\n<\/div>\n<div class=\"banner-libre\"><\/div>\n<div class=\"clearfix\"><\/div>\n<div class=\"detail-body \">\n<article id=\"note-body\" class=\"note-body\" data-twitter-link=\"https:\/\/twitter.com\/intent\/tweet?url=https:\/\/www.minutouno.com\/c5040501&amp;v\u00eda=minutounocom&amp;related=MinutoUno&amp;text=\">\n<div class=\"row\">\n<div class=\"inside-note col-xs-12\">\n<p><strong><strong class=\"saysCMSEmphasis\">La Argentina se puso de noche a las 17.40 y el fen\u00f3meno dur\u00f3 2 minutos. Luego, el Sol volvi\u00f3 a asomar lentamente.<\/strong>\u00a0El eclipse concluye a las 18.45.<\/strong><\/p>\n<p>El fen\u00f3meno empez\u00f3 a ser visible por Nueva Zelanda y se proyect\u00f3 completamente en Chile y Argentina, donde con distinta intensidad se apreci\u00f3 a lo largo de todo el territorio nacional.<\/p>\n<div id=\"7355470-Libre-945222320_wrap\" class=\"embed_cont type_imagen no-epigrafe no-copyright\">\n<div id=\"7355470-Libre-945222320_content\" class=\"embed_content\"><img decoding=\"async\" id=\"7355470-Libre-945222320_embed\" src=\"https:\/\/media.minutouno.com\/adjuntos\/150\/imagenes\/036\/775\/0036775795.jpg?0000-00-00-00-00-00\" alt=\"\" \/><\/div>\n<\/div>\n<p>En la ciudad de Buenos Aires se apreci\u00f3 en un 99% mientras que hubo que desplazarse algunos kil\u00f3metros a lugares como Luj\u00e1n, Lobos o Ca\u00f1uelas para apreciar el fen\u00f3meno en su totalidad.<\/p>\n<p>La alineaci\u00f3n exacta de la Tierra, el Sol y la Luna ocurri\u00f3 en Argentina a partir de las 16:30 y se prolong\u00f3 por casi dos horas.<\/p>\n<div id=\"7355480-Libre-1033874572_wrap\" class=\"embed_cont type_imagen no-epigrafe no-copyright\">\n<div id=\"7355480-Libre-1033874572_content\" class=\"embed_content\"><img decoding=\"async\" id=\"7355480-Libre-1033874572_embed\" src=\"https:\/\/media.minutouno.com\/adjuntos\/150\/imagenes\/036\/775\/0036775921.jpg?0000-00-00-00-00-00\" alt=\"\" \/><\/div>\n<\/div>\n<p>&#8220;Debido a que el di\u00e1metro aparente de la Luna es igual al di\u00e1metro aparente del Sol -el Sol es 400 veces m\u00e1s grande que la Luna, pero est\u00e1 400 veces m\u00e1s lejos- el disco lunar cubre a la estrella por completo&#8221;, explic\u00f3 la investigadora independiente del CONICET en el Instituto de Tecnolog\u00eda en Detecci\u00f3n y Astropart\u00edculas (ITEDA) Beatriz Garc\u00eda.<\/p>\n<p>Y agreg\u00f3:\u00a0<strong>&#8220;El \u00faltimo eclipse total que se vio en Argentina fue el 13 de noviembre de 2010, en el Calafate, pero por un tiempo muy breve, tambi\u00e9n en el momento de la puesta del Sol&#8221;.<\/strong><\/p>\n<p>La especialista destac\u00f3 que &#8220;un eclipse total de Sol es un evento astron\u00f3mico impactante, por eso lo importante es que la gente lo viva:<strong>\u00a0los eclipses han maravillado a las personas desde siempre<\/strong>&#8220;.<\/p>\n<div id=\"7355487-Libre-1459966010_wrap\" class=\"embed_cont type_imagen no-epigrafe no-copyright\">\n<div id=\"7355487-Libre-1459966010_content\" class=\"embed_content\"><img decoding=\"async\" id=\"7355487-Libre-1459966010_embed\" src=\"https:\/\/media.minutouno.com\/adjuntos\/150\/imagenes\/036\/775\/0036775991.jpg?0000-00-00-00-00-00\" alt=\"\" \/><\/div>\n<\/div>\n<p>&#8220;Ahora bien, no son fen\u00f3menos inexplicables, son fen\u00f3menos predecibles gracias al desarrollo del conocimiento humano y al descubrimiento de las leyes que gobiernan el Universo. Es bueno que se promueva, para que la gente participe del evento, pero que lo haga cuidando su vista&#8221;, inst\u00f3 Garc\u00eda.<\/p>\n<p>En Buenos Aires y el \u00e1rea metropolitana se estima que el eclipse podr\u00e1 apreciarse aproximadamente desde las 17:44 y en parte coincidir\u00e1 con el crep\u00fasculo.<\/p>\n<div id=\"7355492-Libre-329761836_wrap\" class=\"embed_cont type_imagen no-epigrafe no-copyright\">\n<div id=\"7355492-Libre-329761836_content\" class=\"embed_content\"><img decoding=\"async\" id=\"7355492-Libre-329761836_embed\" src=\"https:\/\/media.minutouno.com\/adjuntos\/150\/imagenes\/036\/776\/0036776078.jpg?0000-00-00-00-00-00\" alt=\"\" \/><\/div>\n<\/div>\n<p>En la Argentina el fen\u00f3meno se produjo en su plenitud en varias localidades: Rodeo y Jachal (San Juan), Merlo (San Luis), Villa Dolores, R\u00edo Cuarto, y La Carlota (C\u00f3rdoba), y, en la provincia de Buenos Aires, Pergamino (1m de eclipse total), Jun\u00edn (2m2s), Lobos y Chivilcoy (2m6s), Luj\u00e1n (58s), Mercedes (1m46s), Ca\u00f1uelas (1m55s), Dolores (1m) y Ranchos (2m5s).<\/p>\n<p>Otros pa\u00edses de Am\u00e9rica Latina tambi\u00e9n disfrutaron de este evento, entre ellos Bolivia, Ecuador, Per\u00fa, Colombia, Uruguay, Brasil y Paraguay. Tambi\u00e9n fue visible en islas del Pac\u00edfico como Polinesia, Samoa, Tonga, Islas Cook, Kiribati, Polinesia Francesa y Pitcairn.<\/p>\n<div id=\"7355493-Libre-1765133582_wrap\" class=\"embed_cont type_imagen no-copyright\">\n<div id=\"7355493-Libre-1765133582_content\" class=\"embed_content\"><img decoding=\"async\" id=\"7355493-Libre-1765133582_embed\" src=\"https:\/\/media.minutouno.com\/adjuntos\/150\/imagenes\/036\/776\/0036776081.jpg?0000-00-00-00-00-00\" alt=\"Tras el eclipse total, el Sol volvi\u00f3 a asomar lentamente.\" \/><\/div>\n<div id=\"7355493-Libre-1765133582_epigrafe\" class=\"embed_epigrafe\">Tras el eclipse total, el Sol volvi\u00f3 a asomar lentamente.<\/div>\n<\/div>\n<p>A ra\u00edz del lugar de observaci\u00f3n privilegiado que le toc\u00f3 a parte de la Argentina se produjo un verdadero boom tur\u00edstico, con aficionados a la astronom\u00eda llegados desde muchos lugares del mundo.<\/p>\n<div id=\"7355478-Libre-1007091166_wrap\" class=\"embed_cont type_imagen no-copyright\">\n<div id=\"7355478-Libre-1007091166_content\" class=\"embed_content\"><img decoding=\"async\" id=\"7355478-Libre-1007091166_embed\" src=\"https:\/\/media.minutouno.com\/adjuntos\/150\/imagenes\/036\/775\/0036775874.jpg?0000-00-00-00-00-00\" alt=\"Gentileza El Tiempo de San Juan Eclipse, Eclipse solar total Eclipse, San Juan\" \/><\/div>\n<div id=\"7355478-Libre-1007091166_epigrafe\" class=\"embed_epigrafe\">Gentileza El Tiempo de San Juan Eclipse, &#8220;Eclipse solar total&#8221; &#8220;Eclipse, San Juan&#8221;<\/div>\n<\/div>\n<p><strong>San Juan fue una de las sedes m\u00e1s concurridas debido a su estrat\u00e9gica ubicaci\u00f3n geogr\u00e1fica para el avistamiento del fen\u00f3meno,<\/strong>\u00a0aunque tambi\u00e9n hubo gran cantidad de visitantes en la regi\u00f3n del Valle de Traslasierra, en la provincia de C\u00f3rdoba, y el sur de La Rioja.<\/p>\n<p>Para aquellos que esta tarde no tuvieron la oportunidad de disfrutar del acontecimiento, el pr\u00f3ximo eclipse total ya tiene fecha: ser\u00e1\u00a0<span id=\"saysCMSEmphasisc5dv37pmelu\" class=\"saysCMSEmphasis\">el 14 de diciembre de 2020 al mediod\u00eda y ser\u00e1 visible en la Patagonia<\/span>, anticip\u00f3 la investigadora del Conicet.<\/p>\n<\/div>\n<\/div>\n<\/article>\n<\/div>\n","protected":false},"excerpt":{"rendered":"<p>El fen\u00f3meno astron\u00f3mico que moviliz\u00f3 a miles de todo el mundo hacia nuestro pa\u00eds se pudo observar en su plenitud en el centro de San Juan, sur de La Rioja, norte de San Luis, centro y sur de C\u00f3rdoba, sur de Santa Fe y buena parte del norte de Buenos Aires. El\u00a0eclipse\u00a0total de Sol comenz\u00f3 [&hellip;]<\/p>\n","protected":false},"author":1,"featured_media":29134,"comment_status":"closed","ping_status":"closed","sticky":false,"template":"","format":"video","meta":{"footnotes":""},"categories":[7],"tags":[],"class_list":["post-29133","post","type-post","status-publish","format-video","has-post-thumbnail","hentry","category-nacionales","post_format-post-format-video"],"_links":{"self":[{"href":"http:\/\/informateesquina.com\/index.php?rest_route=\/wp\/v2\/posts\/29133","targetHints":{"allow":["GET"]}}],"collection":[{"href":"http:\/\/informateesquina.com\/index.php?rest_route=\/wp\/v2\/posts"}],"about":[{"href":"http:\/\/informateesquina.com\/index.php?rest_route=\/wp\/v2\/types\/post"}],"author":[{"embeddable":true,"href":"http:\/\/informateesquina.com\/index.php?rest_route=\/wp\/v2\/users\/1"}],"replies":[{"embeddable":true,"href":"http:\/\/informateesquina.com\/index.php?rest_route=%2Fwp%2Fv2%2Fcomments&post=29133"}],"version-history":[{"count":0,"href":"http:\/\/informateesquina.com\/index.php?rest_route=\/wp\/v2\/posts\/29133\/revisions"}],"wp:featuredmedia":[{"embeddable":true,"href":"http:\/\/informateesquina.com\/index.php?rest_route=\/"}],"wp:attachment":[{"href":"http:\/\/informateesquina.com\/index.php?rest_route=%2Fwp%2Fv2%2Fmedia&parent=29133"}],"wp:term":[{"taxonomy":"category","embeddable":true,"href":"http:\/\/informateesquina.com\/index.php?rest_route=%2Fwp%2Fv2%2Fcategories&post=29133"},{"taxonomy":"post_tag","embeddable":true,"href":"http:\/\/informateesquina.com\/index.php?rest_route=%2Fwp%2Fv2%2Ftags&post=29133"}],"curies":[{"name":"wp","href":"https:\/\/api.w.org\/{rel}","templated":true}]}}