{"id":29157,"date":"2019-07-03T11:21:41","date_gmt":"2019-07-03T14:21:41","guid":{"rendered":"https:\/\/informateesquina.com\/?p=29157"},"modified":"2019-07-03T11:21:41","modified_gmt":"2019-07-03T14:21:41","slug":"la-low-cost-flybondi-comenzara-a-volar-a-brasil","status":"publish","type":"post","link":"http:\/\/informateesquina.com\/?p=29157","title":{"rendered":"La low cost Flybondi comenzar\u00e1 a volar a Brasil"},"content":{"rendered":"<p>Ser\u00e1 a partir de octubre, con la ruta Buenos Aires-R\u00edo de Janeiro<\/p>\n<div class=\"col-md-12\">\n<div id=\"nota\" class=\"\">\n<div class=\"col-md-12\">\n<div class=\"image_review_wrapper\">\n<div class=\"swiper-container swiper-container-horizontal swiper-container-android\">\n<div class=\"swiper-wrapper\">\n<div class=\"swiper-slide swiper-slide-active\"><a href=\"http:\/\/www.radiosudamericana.com\/notix\/multimedia\/imagenes\/fotos\/2019-07-03\/470112.jpg\"><img decoding=\"async\" class=\"img-responsive\" src=\"http:\/\/www.radiosudamericana.com\/notix\/multimedia\/imagenes\/fotos\/2019-07-03\/470112.jpg\" alt=\"Responsive image\" \/><\/a><\/div>\n<\/div>\n<\/div>\n<\/div>\n<\/div>\n<p>Tras recibir la autorizaci\u00f3n de\u00a0Brasil,\u00a0Flybondi\u00a0anunci\u00f3 su nueva ruta internacional que comenzar\u00e1 a operar\u00a0a partir de octubre 2019: Buenos Aires-R\u00edo de Janeiro.<\/p>\n<p>\u201cCreemos que esta ruta tiene un gran potencial tanto para los argentinos, que ahora podr\u00e1n volar a Brasil con las tarifas m\u00e1s bajas del mercado, y para los brasile\u00f1os, porque seremos la \u00fanica opci\u00f3n ultra low cost para venir a Argentina\u201d, dijo\u00a0Sebasti\u00e1n Pereira, CEO de Flybondi y agreg\u00f3:\u00a0\u201cSomos una\u00a0l\u00ednea a\u00e9rea\u00a0con una propuesta a largo plazo y con visi\u00f3n regional. Este ser\u00e1 el primero de los destinos en Brasil, esperamos en poco tiempo poder sumar otras rutas con el objetivo de darle cada vez mayor conectividad a nuestro pa\u00eds\u201d.<\/p>\n<p>La ruta unir\u00e1 el Aeropuerto El Palomar y el Aeropuerto Internacional de Gale\u00e3o y tendr\u00e1 3 frecuencias semanales: mi\u00e9rcoles, viernes y domingos.<\/p>\n<p>Ser\u00e1 el tercer destino internacional\u00a0de la aerol\u00ednea que vuela a Asunci\u00f3n (Paraguay) y la ruta a Punta del Este (Uruguay) que oper\u00f3 en verano.<\/p>\n<p>En cuanto a tarifas, anunci\u00f3\u00a0precios promocionales por el lanzamiento.\u00a0Lo m\u00e1s barato\u00a0que muestra el buscador de tarifas en la web de Flybondi para octubre y noviembre\u00a0es desde $ 4.556 el tramo.<\/p>\n<\/div>\n<\/div>\n","protected":false},"excerpt":{"rendered":"<p>Ser\u00e1 a partir de octubre, con la ruta Buenos Aires-R\u00edo de Janeiro Tras recibir la autorizaci\u00f3n de\u00a0Brasil,\u00a0Flybondi\u00a0anunci\u00f3 su nueva ruta internacional que comenzar\u00e1 a operar\u00a0a partir de octubre 2019: Buenos Aires-R\u00edo de Janeiro. \u201cCreemos que esta ruta tiene un gran potencial tanto para los argentinos, que ahora podr\u00e1n volar a Brasil con las tarifas m\u00e1s [&hellip;]<\/p>\n","protected":false},"author":1,"featured_media":29158,"comment_status":"closed","ping_status":"closed","sticky":false,"template":"","format":"standard","meta":{"footnotes":""},"categories":[7],"tags":[],"class_list":["post-29157","post","type-post","status-publish","format-standard","has-post-thumbnail","hentry","category-nacionales"],"_links":{"self":[{"href":"http:\/\/informateesquina.com\/index.php?rest_route=\/wp\/v2\/posts\/29157","targetHints":{"allow":["GET"]}}],"collection":[{"href":"http:\/\/informateesquina.com\/index.php?rest_route=\/wp\/v2\/posts"}],"about":[{"href":"http:\/\/informateesquina.com\/index.php?rest_route=\/wp\/v2\/types\/post"}],"author":[{"embeddable":true,"href":"http:\/\/informateesquina.com\/index.php?rest_route=\/wp\/v2\/users\/1"}],"replies":[{"embeddable":true,"href":"http:\/\/informateesquina.com\/index.php?rest_route=%2Fwp%2Fv2%2Fcomments&post=29157"}],"version-history":[{"count":0,"href":"http:\/\/informateesquina.com\/index.php?rest_route=\/wp\/v2\/posts\/29157\/revisions"}],"wp:featuredmedia":[{"embeddable":true,"href":"http:\/\/informateesquina.com\/index.php?rest_route=\/"}],"wp:attachment":[{"href":"http:\/\/informateesquina.com\/index.php?rest_route=%2Fwp%2Fv2%2Fmedia&parent=29157"}],"wp:term":[{"taxonomy":"category","embeddable":true,"href":"http:\/\/informateesquina.com\/index.php?rest_route=%2Fwp%2Fv2%2Fcategories&post=29157"},{"taxonomy":"post_tag","embeddable":true,"href":"http:\/\/informateesquina.com\/index.php?rest_route=%2Fwp%2Fv2%2Ftags&post=29157"}],"curies":[{"name":"wp","href":"https:\/\/api.w.org\/{rel}","templated":true}]}}