{"id":29160,"date":"2019-07-03T11:26:34","date_gmt":"2019-07-03T14:26:34","guid":{"rendered":"https:\/\/informateesquina.com\/?p=29160"},"modified":"2019-07-03T11:26:34","modified_gmt":"2019-07-03T14:26:34","slug":"se-encuentran-habilitadas-las-tarjetas-mbarete-2","status":"publish","type":"post","link":"http:\/\/informateesquina.com\/?p=29160","title":{"rendered":"Se encuentran habilitadas las tarjetas Mbaret\u00e9"},"content":{"rendered":"<header>\n<h1><span style=\"color: #666666; font-family: Roboto, sans-serif; font-size: 15px;\">El Ministerio de Salud P\u00fablica comunica que las tarjetas Mbaret\u00e9 se encuentran habilitadas desde el 03 de julio del 2019, para ser utilizadas por los beneficiarios.<\/span><\/h1>\n<\/header>\n<div class=\"content\">\n<section class=\"body\">\n<div class=\"share\"><\/div>\n<p>&nbsp;<\/p>\n<p>La tarjeta Mbaret\u00e9 permite a los beneficiarios la compra de medicamentos sin cargo en la red de farmacias adheridas, con un l\u00edmite de monto autorizado de $300, que son acreditados todos los meses. Este beneficio alcanza a las personas empadronadas que se encuentran en situaci\u00f3n de vulnerabilidad, que no cuentan con cobertura social, y que est\u00e1n domiciliadas en jurisdicci\u00f3n de la provincia de Corrientes.<\/p>\n<\/section>\n<\/div>\n","protected":false},"excerpt":{"rendered":"<p>El Ministerio de Salud P\u00fablica comunica que las tarjetas Mbaret\u00e9 se encuentran habilitadas desde el 03 de julio del 2019, para ser utilizadas por los beneficiarios. &nbsp; La tarjeta Mbaret\u00e9 permite a los beneficiarios la compra de medicamentos sin cargo en la red de farmacias adheridas, con un l\u00edmite de monto autorizado de $300, que [&hellip;]<\/p>\n","protected":false},"author":1,"featured_media":29161,"comment_status":"closed","ping_status":"closed","sticky":false,"template":"","format":"standard","meta":{"footnotes":""},"categories":[10],"tags":[136],"class_list":["post-29160","post","type-post","status-publish","format-standard","has-post-thumbnail","hentry","category-provinciales","tag-destacados"],"_links":{"self":[{"href":"http:\/\/informateesquina.com\/index.php?rest_route=\/wp\/v2\/posts\/29160","targetHints":{"allow":["GET"]}}],"collection":[{"href":"http:\/\/informateesquina.com\/index.php?rest_route=\/wp\/v2\/posts"}],"about":[{"href":"http:\/\/informateesquina.com\/index.php?rest_route=\/wp\/v2\/types\/post"}],"author":[{"embeddable":true,"href":"http:\/\/informateesquina.com\/index.php?rest_route=\/wp\/v2\/users\/1"}],"replies":[{"embeddable":true,"href":"http:\/\/informateesquina.com\/index.php?rest_route=%2Fwp%2Fv2%2Fcomments&post=29160"}],"version-history":[{"count":0,"href":"http:\/\/informateesquina.com\/index.php?rest_route=\/wp\/v2\/posts\/29160\/revisions"}],"wp:featuredmedia":[{"embeddable":true,"href":"http:\/\/informateesquina.com\/index.php?rest_route=\/"}],"wp:attachment":[{"href":"http:\/\/informateesquina.com\/index.php?rest_route=%2Fwp%2Fv2%2Fmedia&parent=29160"}],"wp:term":[{"taxonomy":"category","embeddable":true,"href":"http:\/\/informateesquina.com\/index.php?rest_route=%2Fwp%2Fv2%2Fcategories&post=29160"},{"taxonomy":"post_tag","embeddable":true,"href":"http:\/\/informateesquina.com\/index.php?rest_route=%2Fwp%2Fv2%2Ftags&post=29160"}],"curies":[{"name":"wp","href":"https:\/\/api.w.org\/{rel}","templated":true}]}}