{"id":29163,"date":"2019-07-03T13:32:31","date_gmt":"2019-07-03T16:32:31","guid":{"rendered":"https:\/\/informateesquina.com\/?p=29163"},"modified":"2019-07-03T13:32:31","modified_gmt":"2019-07-03T16:32:31","slug":"adrian-el-nino-goyano-de-la-foto-caminando-en-la-helada-que-se-viralizo","status":"publish","type":"post","link":"http:\/\/informateesquina.com\/?p=29163","title":{"rendered":"Adri\u00e1n, el ni\u00f1o goyano de la foto caminando en la helada que se viraliz\u00f3"},"content":{"rendered":"<p style=\"text-align: center;\"><strong><em>La imagen del peque\u00f1o del paraje Tres Bocas, de la zona rural de Goya, recorri\u00f3 el pa\u00eds a trav\u00e9s de las redes sociales. Solo en la publicaci\u00f3n original en Facebook tuvo 5.600 me gusta, fue compartida 42.000 veces y gener\u00f3 173 comentarios.<\/em><\/strong><\/p>\n<p>&nbsp;<\/p>\n<p>Adri\u00e1n Arriola es un peque\u00f1o de 7 a\u00f1os que vive en el paraje Tres Bocas, de la cuarta secci\u00f3n rural de Goya. A fines de junio se hizo famoso tras viralizarse en redes sociales y hasta en medios de comunicaci\u00f3n, una foto de \u00e9l caminado en la helada yendo a la escuela. El ni\u00f1o a\u00fan desconoce la magnitud de la repercusi\u00f3n que caus\u00f3.<\/p>\n<p>El ni\u00f1o, casi a diario, camina unos 8 kil\u00f3metros para asistir a clases para cursar el primer grado en la Escuela N\u00ba 594 &#8220;Armando Francisco Baleir\u00f3n&#8221;.<\/p>\n<p>&#8220;Tiene 7 a\u00f1os. Perdi\u00f3 a su mam\u00e1 hace dos a\u00f1os y vive con su pap\u00e1 y su hermana. Hoy, en la tremenda helada, como todos los d\u00edas, yendo a la escuela en la zona rural en Goya. A su edad tan corta, nos da el ejemplo de que no hay barreras para hacer lo que hay que hacer!&#8221;, public\u00f3 el 26 de junio M\u00f3nica Pazos, funcionaria municipal de Goya en su cuenta de Facebook y desde ese momento, se viraliz\u00f3.<\/p>\n<p>Actualmente ya alcanz\u00f3 las 5.642 reacciones, fue compartido 42.000 veces y gener\u00f3 173 comentarios. Todo eso, solo en la publicaci\u00f3n de Pazos en esa red social.<\/p>\n<p>En comunicaci\u00f3n con Radio del Guar\u00e1n, de Esquina, Pazos indic\u00f3: &#8220;La foto me lleg\u00f3 el d\u00eda de la helada y cuando la vi, el mismo impacto que caus\u00f3 en toda la gente que viraliz\u00f3 la foto, es lo que caus\u00f3 en m\u00ed. Me lleg\u00f3 de un grupo de gente que trabaja en el campo&#8221;.<\/p>\n<p>Record\u00f3: &#8220;Primero publiqu\u00e9 la foto en la p\u00e1gina de la Direcci\u00f3n de Turismo de Goya, donde tuvo un alcance de 50.000 personas y la verdad es que es la foto que m\u00e1s repercusi\u00f3n tuvo&#8221;.<\/p>\n<p>&#8220;Me parece muy positivo&#8221;, dijo sobre el mensaje que considera que transmite la imagen. &#8220;Es un ejemplo de vida, de qu\u00e9 manera incre\u00edble se viraliz\u00f3 y ahora todos estamos buscando a ese ni\u00f1o&#8221;, agreg\u00f3.<\/p>\n<p>Asegur\u00f3 que se tom\u00f3 el trabajo de leer todos los comentarios y se emocion\u00f3 con cada uno de ellos. Pazos dijo que el peque\u00f1o &#8220;no sabe que es famoso, todos lo estamos buscando, queremos que \u00e9l sepa de la dimensi\u00f3n, de la lecci\u00f3n que da al resto de los ni\u00f1os. Que la vida no es f\u00e1cil, que \u00e9l pudo haber optado por quedarse en su casa resguardado del fr\u00edo ese d\u00eda y eligi\u00f3 ir a clases&#8221;.<\/p>\n<p>Por su parte, Julio \u00c1lvarez, el maestro de Adri\u00e1n, en di\u00e1logo con diario La Rep\u00fablica, dijo: &#8220;\u00c9l es un nene muy tranquilo, le gusta jugar, es muy cari\u00f1oso y es muy compa\u00f1ero con sus pares&#8221;. &#8220;Su pap\u00e1 trabaja en una estancia por lo que \u00e9l queda mucho tiempo con su hermanita&#8221;, agreg\u00f3.<\/p>\n<p>En tanto, el coordinador del \u00c1rea Rural del Municipio de Goya, Gustavo Scofano, visit\u00f3 a Adri\u00e1n Arriola y a su familia, y relat\u00f3 la experiencia en comunicaci\u00f3n con Radio del Guar\u00e1n. Sostuvo que la idea de la visita surgi\u00f3 de M\u00f3nica Pazos, &#8220;quien se contact\u00f3 conmigo y, como yo ya llevo varios mandatos en el \u00e1rea rural de Goya, conoc\u00eda a esta familia&#8221;.<\/p>\n<p>Scofano indic\u00f3 que &#8220;la distancia de la escuela a la casa es de unos 8 kil\u00f3metros y \u00e9l camina ese trayecto junto a su hermanita, que est\u00e1 terminando la primaria&#8221;. Asegur\u00f3 que el ni\u00f1o &#8220;quiere ser jugador de f\u00fatbol y que es hincha de River&#8221;.<\/p>\n<p>&nbsp;<\/p>\n<p><em>FUENTE: www.diariolarepublica.com.ar<\/em><\/p>\n<p>&nbsp;<\/p>\n","protected":false},"excerpt":{"rendered":"<p>La imagen del peque\u00f1o del paraje Tres Bocas, de la zona rural de Goya, recorri\u00f3 el pa\u00eds a trav\u00e9s de las redes sociales. Solo en la publicaci\u00f3n original en Facebook tuvo 5.600 me gusta, fue compartida 42.000 veces y gener\u00f3 173 comentarios. &nbsp; Adri\u00e1n Arriola es un peque\u00f1o de 7 a\u00f1os que vive en el [&hellip;]<\/p>\n","protected":false},"author":1,"featured_media":29166,"comment_status":"closed","ping_status":"closed","sticky":false,"template":"","format":"standard","meta":{"footnotes":""},"categories":[11],"tags":[],"class_list":["post-29163","post","type-post","status-publish","format-standard","has-post-thumbnail","hentry","category-sociedad"],"_links":{"self":[{"href":"http:\/\/informateesquina.com\/index.php?rest_route=\/wp\/v2\/posts\/29163","targetHints":{"allow":["GET"]}}],"collection":[{"href":"http:\/\/informateesquina.com\/index.php?rest_route=\/wp\/v2\/posts"}],"about":[{"href":"http:\/\/informateesquina.com\/index.php?rest_route=\/wp\/v2\/types\/post"}],"author":[{"embeddable":true,"href":"http:\/\/informateesquina.com\/index.php?rest_route=\/wp\/v2\/users\/1"}],"replies":[{"embeddable":true,"href":"http:\/\/informateesquina.com\/index.php?rest_route=%2Fwp%2Fv2%2Fcomments&post=29163"}],"version-history":[{"count":0,"href":"http:\/\/informateesquina.com\/index.php?rest_route=\/wp\/v2\/posts\/29163\/revisions"}],"wp:featuredmedia":[{"embeddable":true,"href":"http:\/\/informateesquina.com\/index.php?rest_route=\/"}],"wp:attachment":[{"href":"http:\/\/informateesquina.com\/index.php?rest_route=%2Fwp%2Fv2%2Fmedia&parent=29163"}],"wp:term":[{"taxonomy":"category","embeddable":true,"href":"http:\/\/informateesquina.com\/index.php?rest_route=%2Fwp%2Fv2%2Fcategories&post=29163"},{"taxonomy":"post_tag","embeddable":true,"href":"http:\/\/informateesquina.com\/index.php?rest_route=%2Fwp%2Fv2%2Ftags&post=29163"}],"curies":[{"name":"wp","href":"https:\/\/api.w.org\/{rel}","templated":true}]}}