{"id":29170,"date":"2019-07-03T17:38:10","date_gmt":"2019-07-03T20:38:10","guid":{"rendered":"https:\/\/informateesquina.com\/?p=29170"},"modified":"2019-07-03T17:38:10","modified_gmt":"2019-07-03T20:38:10","slug":"fallas-en-whatsapp-instagram-y-facebook","status":"publish","type":"post","link":"http:\/\/informateesquina.com\/?p=29170","title":{"rendered":"Fallas en WhatsApp, Instagram y Facebook"},"content":{"rendered":"<p>El servicio dej\u00f3 de funcionar durante la ma\u00f1ana en Am\u00e9rica Latina. Tambi\u00e9n hay fallas en Estados Unidos y Europa.<\/p>\n<p><strong>Instagram,<\/strong>\u00a0<strong>Facebook<\/strong>\u00a0y\u00a0<strong>WhatsApp<\/strong>\u00a0llevan m\u00e1s de cuatro horas con problemas a nivel mundial. Seg\u00fan el portal downdetector, en menos de cuatro horas, recibieron m\u00e1s de 100 mil reportes informando de los inconvenientes en las plataformas.<\/p>\n<p>El mapa con los lugares del mundo donde no se pudo acceder a\u00a0<a title=\"Instagram\" href=\"https:\/\/tn.com.ar\/tags\/instagram\">Instagram<\/a>\u00a0ni\u00a0<a title=\"Facebook\" href=\"https:\/\/tn.com.ar\/tags\/facebook\">Facebook<\/a>\u00a0era muy amplio. Involucraba a gran parte de Europa, Am\u00e9rica del Norte, Am\u00e9rica del Sur y el sudeste asi\u00e1tico.<\/p>\n<div>\n<figure class=\"media-image undefined media-image--state-success\"><img decoding=\"async\" class=\"\" src=\"https:\/\/cdn.tn.com.ar\/sites\/default\/files\/styles\/embed_image\/public\/2019\/07\/03\/5d1cb5bc50558_downdetector.JPG\" srcset=\"\/\/cdn.tn.com.ar\/sites\/default\/files\/styles\/embed_image\/public\/2019\/07\/03\/5d1cb5bc50558_downdetector.JPG 1080w,\/\/cdn.tn.com.ar\/sites\/default\/files\/styles\/embed_image\/public\/2019\/07\/03\/5d1cb5bc50558_downdetector.JPG 720w\" alt=\"Miles de usuarios siguen enojados sin poder usar Instagram . Foto: captura DownDetector.\" data-src=\"\/\/cdn.tn.com.ar\/sites\/default\/files\/styles\/embed_image\/public\/2019\/07\/03\/5d1cb5bc50558_downdetector.JPG\" data-srcset=\"\/\/cdn.tn.com.ar\/sites\/default\/files\/styles\/embed_image\/public\/2019\/07\/03\/5d1cb5bc50558_downdetector.JPG 1080w,\/\/cdn.tn.com.ar\/sites\/default\/files\/styles\/embed_image\/public\/2019\/07\/03\/5d1cb5bc50558_downdetector.JPG 720w\" \/><figcaption>Miles de usuarios siguen enojados sin poder usar Instagram . Foto: captura DownDetector.<\/figcaption><\/figure>\n<\/div>\n<p>Los reportes de los usuarios indicaron que en general no se pod\u00eda acceder a la plataforma, ni a trav\u00e9s de la app ni por un navegador. Otros, en cambio, no pudieron actualizar las b\u00fasquedas ni subir historias a sus cuentas.<\/p>\n<p>En\u00a0<a title=\"WhatsApp\" href=\"https:\/\/tn.com.ar\/tags\/whatsapp\">WhatsApp<\/a>, el servicio de mensajer\u00eda de la compa\u00f1\u00eda de Menlo Park, hay<strong>\u00a0problemas para subir y descargar contenido multimedia, como fotos y videos<\/strong>.<\/p>\n<div>\n<figure class=\"media-image undefined media-image--state-success\"><img decoding=\"async\" class=\"\" src=\"https:\/\/cdn.tn.com.ar\/sites\/default\/files\/styles\/embed_image\/public\/2019\/07\/03\/5d1cee7a3bc8f_whatsapp.JPG\" srcset=\"\/\/cdn.tn.com.ar\/sites\/default\/files\/styles\/embed_image\/public\/2019\/07\/03\/5d1cee7a3bc8f_whatsapp.JPG 1080w,\/\/cdn.tn.com.ar\/sites\/default\/files\/styles\/embed_image\/public\/2019\/07\/03\/5d1cee7a3bc8f_whatsapp.JPG 720w\" alt=\"Usuarios de todo el mundo se quejaron por las fallas en WhatsApp. Foto: ShutterStock.\" data-src=\"\/\/cdn.tn.com.ar\/sites\/default\/files\/styles\/embed_image\/public\/2019\/07\/03\/5d1cee7a3bc8f_whatsapp.JPG\" data-srcset=\"\/\/cdn.tn.com.ar\/sites\/default\/files\/styles\/embed_image\/public\/2019\/07\/03\/5d1cee7a3bc8f_whatsapp.JPG 1080w,\/\/cdn.tn.com.ar\/sites\/default\/files\/styles\/embed_image\/public\/2019\/07\/03\/5d1cee7a3bc8f_whatsapp.JPG 720w\" \/><figcaption>Usuarios de todo el mundo se quejaron por las fallas en WhatsApp. Foto: ShutterStock.<\/figcaption><\/figure>\n<\/div>\n<p>Las miles de personas que la utilizan como parte de su trabajo diario mostraron su enojo por el mal funcionamiento del servicio.<\/p>\n<p>&nbsp;<\/p>\n<p>Desde Facebook reconocieron que algunas personas y empresas experimentan problemas en sus aplicaciones. &#8220;Estamos trabajando para que las cosas vuelvan a la normalidad lo antes posible&#8221;, indic\u00f3 un portavoz de la red social.<\/p>\n","protected":false},"excerpt":{"rendered":"<p>El servicio dej\u00f3 de funcionar durante la ma\u00f1ana en Am\u00e9rica Latina. Tambi\u00e9n hay fallas en Estados Unidos y Europa. Instagram,\u00a0Facebook\u00a0y\u00a0WhatsApp\u00a0llevan m\u00e1s de cuatro horas con problemas a nivel mundial. Seg\u00fan el portal downdetector, en menos de cuatro horas, recibieron m\u00e1s de 100 mil reportes informando de los inconvenientes en las plataformas. El mapa con los [&hellip;]<\/p>\n","protected":false},"author":1,"featured_media":29171,"comment_status":"closed","ping_status":"closed","sticky":false,"template":"","format":"standard","meta":{"footnotes":""},"categories":[11],"tags":[],"class_list":["post-29170","post","type-post","status-publish","format-standard","has-post-thumbnail","hentry","category-sociedad"],"_links":{"self":[{"href":"http:\/\/informateesquina.com\/index.php?rest_route=\/wp\/v2\/posts\/29170","targetHints":{"allow":["GET"]}}],"collection":[{"href":"http:\/\/informateesquina.com\/index.php?rest_route=\/wp\/v2\/posts"}],"about":[{"href":"http:\/\/informateesquina.com\/index.php?rest_route=\/wp\/v2\/types\/post"}],"author":[{"embeddable":true,"href":"http:\/\/informateesquina.com\/index.php?rest_route=\/wp\/v2\/users\/1"}],"replies":[{"embeddable":true,"href":"http:\/\/informateesquina.com\/index.php?rest_route=%2Fwp%2Fv2%2Fcomments&post=29170"}],"version-history":[{"count":0,"href":"http:\/\/informateesquina.com\/index.php?rest_route=\/wp\/v2\/posts\/29170\/revisions"}],"wp:featuredmedia":[{"embeddable":true,"href":"http:\/\/informateesquina.com\/index.php?rest_route=\/"}],"wp:attachment":[{"href":"http:\/\/informateesquina.com\/index.php?rest_route=%2Fwp%2Fv2%2Fmedia&parent=29170"}],"wp:term":[{"taxonomy":"category","embeddable":true,"href":"http:\/\/informateesquina.com\/index.php?rest_route=%2Fwp%2Fv2%2Fcategories&post=29170"},{"taxonomy":"post_tag","embeddable":true,"href":"http:\/\/informateesquina.com\/index.php?rest_route=%2Fwp%2Fv2%2Ftags&post=29170"}],"curies":[{"name":"wp","href":"https:\/\/api.w.org\/{rel}","templated":true}]}}