{"id":29173,"date":"2019-07-03T17:58:12","date_gmt":"2019-07-03T20:58:12","guid":{"rendered":"https:\/\/informateesquina.com\/?p=29173"},"modified":"2019-07-03T17:58:12","modified_gmt":"2019-07-03T20:58:12","slug":"la-afa-se-quejara-ante-la-conmebol-por-el-arbitraje-en-la-semifinal","status":"publish","type":"post","link":"http:\/\/informateesquina.com\/?p=29173","title":{"rendered":"La AFA se quejar\u00e1 ante la Conmebol por el arbitraje en la semifinal"},"content":{"rendered":"<p>La AFA se quej\u00f3 a trav\u00e9s de sus redes sociales de la mala utilizaci\u00f3n del\u00a0Videoarbitraje (VAR)\u00a0durante el partido entre la\u00a0Selecci\u00f3n argentina\u00a0y Brasil en la semifinal de la Copa Am\u00e9rica.\u00a0&#8220;Vimos lo mismo que vos&#8221;, public\u00f3 la cuenta oficial junto a la imagen de un televisor que representa al VAR. Adem\u00e1s le agradece a los jugadores del seleccionado\u00a0&#8220;por la entrega incondicional&#8221;.<\/p>\n<p>Inmediatamente despu\u00e9s de la publicaci\u00f3n del tuit llegaron muchos comentarios pidiendo que la AFA hiciera un reclamo formal ante la\u00a0Conmebol\u00a0por los\u00a0dos penales no cobrados\u00a0por el \u00e1rbitro ecuatoriano Rody Zambrano, que ni siquiera cheque\u00f3 las jugadas mediante la pantalla del VAR en el campo de juego.<\/p>\n<p>La dirigencia de la AFA est\u00e1 evaluando hacer una queja formal mediante una presentaci\u00f3n en la Conmebol, aunque la informaci\u00f3n no fue confirmada por fuentes oficiales. En el seno de la Selecci\u00f3n hay mucha bronca con la manera en que se manej\u00f3 en VAR en el penal de Dani Alves a Sergio Ag\u00fcero y en el codazo de Arthur a Nicol\u00e1s Otamendi. Las acciones ni siquiera fueron revisadas por Zambrano, cuando durante el torneo se repasaron jugadas menos controvertidas.<\/p>\n<p>&#8220;El \u00e1rbitro estaba m\u00e1s nervioso que nosotros&#8221;, dijo Dani Alves. El juez ecuatoriano\u00a0Roddy Zambrano qued\u00f3 en el ojo de la tormenta\u00a0y todas las miradas le apuntaron al VAR.\u00a0Los jugadores argentinos manifestaron su malestar\u00a0por algunos fallos en la derrota ante Brasil por 2 a 0.La semifinal, que dej\u00f3 al seleccionado sin final, tuvo dos grandes pol\u00e9micas. En ambas Argentina pidi\u00f3 penal y en ambas\u00a0no hubo aparici\u00f3n del VAR, que ni siquiera le consult\u00f3 al juez principal.<\/p>\n<p>&#8220;Se cansaron de cobrar boludeces en esta\u00a0Copa Am\u00e9rica\u00a0y no fueron nunca al VAR. Te da bronca porque hicimos un esfuerzo muy grande, todas las boludeces fue para ellos y las tarjetas para nosotros. En esta Copa se cansaron de cobrar boludeces, manos boludas, penales pelotudos&#8230; Son jugadas que te van sacando de partido, te vas desquiciando&#8221;, dijo Lionel Messi<\/p>\n<p>.Sergio Ag\u00fcero tambi\u00e9n habl\u00f3 de la pol\u00e9mica por el no uso de la tecnolog\u00eda. &#8220;El \u00e1rbitro me dijo &#8216;me avsian que no hubo nada&#8217; y puede que no lo haya visto, pero es raro que no lo haya visto un quinto \u00e1rbitro en el VAR&#8221;, coment\u00f3 el delantero de Manchester City. &#8220;El VAR funcion\u00f3 muy bien hasta hoy. Es incre\u00edble&#8221; dijo y habl\u00f3 de la jugada del penal que finalmente termin\u00f3 en el gol de Firmino. &#8220;Siento un toque de Dani Alves y caigo. Pero la jugada no la revisaron. Despu\u00e9s llega la r\u00e9plica y Brasil consigue el segundo gol&#8221;, consider\u00f3.<\/p>\n<p>La Argentina perdi\u00f3 2 a 0 ante Brasil en Belo Horizonte y deber\u00e1 disputar el partido por el tercer y cuarto puesto ante el perdedor de Chile y Per\u00fa.<\/p>\n","protected":false},"excerpt":{"rendered":"<p>La AFA se quej\u00f3 a trav\u00e9s de sus redes sociales de la mala utilizaci\u00f3n del\u00a0Videoarbitraje (VAR)\u00a0durante el partido entre la\u00a0Selecci\u00f3n argentina\u00a0y Brasil en la semifinal de la Copa Am\u00e9rica.\u00a0&#8220;Vimos lo mismo que vos&#8221;, public\u00f3 la cuenta oficial junto a la imagen de un televisor que representa al VAR. Adem\u00e1s le agradece a los jugadores del [&hellip;]<\/p>\n","protected":false},"author":1,"featured_media":29174,"comment_status":"closed","ping_status":"closed","sticky":false,"template":"","format":"standard","meta":{"footnotes":""},"categories":[3],"tags":[],"class_list":["post-29173","post","type-post","status-publish","format-standard","has-post-thumbnail","hentry","category-deportes"],"_links":{"self":[{"href":"http:\/\/informateesquina.com\/index.php?rest_route=\/wp\/v2\/posts\/29173","targetHints":{"allow":["GET"]}}],"collection":[{"href":"http:\/\/informateesquina.com\/index.php?rest_route=\/wp\/v2\/posts"}],"about":[{"href":"http:\/\/informateesquina.com\/index.php?rest_route=\/wp\/v2\/types\/post"}],"author":[{"embeddable":true,"href":"http:\/\/informateesquina.com\/index.php?rest_route=\/wp\/v2\/users\/1"}],"replies":[{"embeddable":true,"href":"http:\/\/informateesquina.com\/index.php?rest_route=%2Fwp%2Fv2%2Fcomments&post=29173"}],"version-history":[{"count":0,"href":"http:\/\/informateesquina.com\/index.php?rest_route=\/wp\/v2\/posts\/29173\/revisions"}],"wp:featuredmedia":[{"embeddable":true,"href":"http:\/\/informateesquina.com\/index.php?rest_route=\/"}],"wp:attachment":[{"href":"http:\/\/informateesquina.com\/index.php?rest_route=%2Fwp%2Fv2%2Fmedia&parent=29173"}],"wp:term":[{"taxonomy":"category","embeddable":true,"href":"http:\/\/informateesquina.com\/index.php?rest_route=%2Fwp%2Fv2%2Fcategories&post=29173"},{"taxonomy":"post_tag","embeddable":true,"href":"http:\/\/informateesquina.com\/index.php?rest_route=%2Fwp%2Fv2%2Ftags&post=29173"}],"curies":[{"name":"wp","href":"https:\/\/api.w.org\/{rel}","templated":true}]}}