{"id":29474,"date":"2019-07-13T10:33:37","date_gmt":"2019-07-13T13:33:37","guid":{"rendered":"https:\/\/informateesquina.com\/?p=29474"},"modified":"2019-07-13T10:33:37","modified_gmt":"2019-07-13T13:33:37","slug":"buenaventura-duarte-juro-como-nuevo-ministro-de-justicia","status":"publish","type":"post","link":"http:\/\/informateesquina.com\/?p=29474","title":{"rendered":"Buenaventura Duarte jur\u00f3 como nuevo Ministro de Justicia"},"content":{"rendered":"<p class=\"copete\">El gobernador Gustavo Vald\u00e9s tom\u00f3 juramento al nuevo ministro de Justicia y Derechos Humanos de la Provincia, Buenaventura Duarte, en un acto que tuvo lugar este viernes en horas de la tarde en el Sal\u00f3n Amarillo de Casa de Gobierno.<\/p>\n<p>Primeramente, el primer Mandatario aprovech\u00f3 la oportunidad para agradecer al ministro saliente,\u00a0Jorge Quintana, quien se adhiri\u00f3 a los beneficios de la jubilaci\u00f3n, determin\u00e1ndolo como \u201cun hombre que cumpli\u00f3 de manera correcta con su rol, quien implement\u00f3 con mucho \u00e9xito las sociedades simplificadas mediante una lucha y entrega a la sociedad y al Gobierno\u201d, qui\u00e9n \u201ctendr\u00e1 las puertas de esta gobernaci\u00f3n abiertas como las puertas de tu casa\u201d, indic\u00f3 Vald\u00e9s.<\/p>\n<p>Al iniciar el evento, se dio lectura al Decreto 1910\/2019, donde el titular del Ejecutivo provincial design\u00f3 en el cargo de Ministro de Justicia y Derechos Humanos a Buenaventura Duarte. Acto seguido, la escribana mayor de Gobierno, Mar\u00eda Cristina Vallejos Gil de Lotero, ley\u00f3 el Acta correspondiente, para que luego Vald\u00e9s tomar\u00e1 juramento al nuevo integrante del Gabinete.<\/p>\n<p>Al hacer uso de la palabra, el Gobernador se refiri\u00f3 al flamante ministro\u00a0d\u00e1ndole una c\u00e1lida bienvenida diciendo que \u201cestamos poniendo un hombre de compromiso y bien conocido que ha trabajado al servicio de la justicia, que cuenta con conocimiento acerca del debate del C\u00f3digo procesal-penal, teniendo en cuenta sus reformas y actualizaciones de las normas jur\u00eddicas y la futura implementaci\u00f3n que son fundamentales\u201d y sentenci\u00f3 \u201cesperemos que tu labor sea prolifero\u201d.<\/p>\n<p>Por su parte al tomar contacto con la prensa, el ministro Duarte agradeci\u00f3 la propuesta por parte del Presidente de la\u00a0C\u00e1mara de Diputados\u00a0Pedro Cassani,\u00a0\u201cqui\u00e9n confi\u00f3 en mi persona y fue confirmado por medio del Gobernador para poder ponernos a la orden de la justicia\u201d y manifest\u00f3 que \u201cuno de los desaf\u00edos es la actualizaci\u00f3n del c\u00f3digo procesal-penal\u201d.<\/p>\n<p>Adem\u00e1s, asegur\u00f3 que \u201cel traspaso de la fiscal\u00eda a un ministerio, son decisiones dif\u00edciles y personales\u201d y ratific\u00f3 su compromiso al querer \u201caportar el conocimiento adquirido tratando de hacer lo m\u00ednimo que me enmend\u00e9 el Gobierno, porque\u00a0tenemos que dar a la ciudadan\u00eda y al Estado, lo que el Estado nos brind\u00f3\u201d, finaliz\u00f3.<\/p>\n<p><strong>PALABRAS DE BUENAVENTURA DUARTE<\/strong><\/p>\n<p>\u201cEl c\u00f3digo procesal penal es uno de los desaf\u00edos\u201d, dijo Buenaventura Duarte tras su asunci\u00f3n. \u201cQuiero agradecer la propuesta que me hizo el se\u00f1or Pedro Cassani, de confiar en mi persona y al Gobernador por aprobar la iniciativa\u201d.<\/p>\n<p>Duarte sostuvo que la decisi\u00f3n de renunciar a la fiscal\u00eda y aceptar un cargo en el Ejecutivo \u201cfue dif\u00edcil\u201d y reflexion\u00f3 \u201ctenemos que dar a la ciudadan\u00eda y al Estado, lo que el Estado nos brind\u00f3. Quiero aportar un poco el conocimiento que he adquirido, las ense\u00f1anzas que me han dado en la funci\u00f3n p\u00fablica, en la funci\u00f3n de la justicia y tratar de hacer lo m\u00ednimo que el se\u00f1or gobernador me propone\u201d.<\/p>\n<p>Se encontraban presentes adem\u00e1s de Gustavo Vald\u00e9s y el nuevo Ministro de\u00a0Justicia, el vicegobernador Gustavo Canteros; el presidente de la C\u00e1mara de Diputados de la Provincia, Pedro Cassani, los ministros de Coordinaci\u00f3n y Planificaci\u00f3n, Horacio Ortega; secretario general de la Gobernaci\u00f3n, Juan Carlos \u00c1lvarez; de Educaci\u00f3n, Susana Ben\u00edtez; Seguridad, Juan Jos\u00e9 L\u00f3pez Desimoni; de Industria, Trabajo y Comercio, Ra\u00fal Schiavi; de Desarrollo Social, Di\u00f3genes Gonz\u00e1lez, el ministro saliente, Jorge Quintana; el intendente de Corrientes, Eduardo Tassano; viceintendente, Emilio Lanari, el presidente del Superior Tribunal de Justicia de\u00a0Corrientes, Luis\u00a0Eduardo Rey V\u00e1zquez\u00a0y\u00a0personal del Tribunal Superior de Justicia, Jefe de la Polic\u00eda de Corrientes, F\u00e9lix Barboza, entre otros.<\/p>\n","protected":false},"excerpt":{"rendered":"<p>El gobernador Gustavo Vald\u00e9s tom\u00f3 juramento al nuevo ministro de Justicia y Derechos Humanos de la Provincia, Buenaventura Duarte, en un acto que tuvo lugar este viernes en horas de la tarde en el Sal\u00f3n Amarillo de Casa de Gobierno. Primeramente, el primer Mandatario aprovech\u00f3 la oportunidad para agradecer al ministro saliente,\u00a0Jorge Quintana, quien se [&hellip;]<\/p>\n","protected":false},"author":1,"featured_media":29475,"comment_status":"closed","ping_status":"closed","sticky":false,"template":"","format":"standard","meta":{"footnotes":""},"categories":[9,10],"tags":[136],"class_list":["post-29474","post","type-post","status-publish","format-standard","has-post-thumbnail","hentry","category-politica","category-provinciales","tag-destacados"],"_links":{"self":[{"href":"http:\/\/informateesquina.com\/index.php?rest_route=\/wp\/v2\/posts\/29474","targetHints":{"allow":["GET"]}}],"collection":[{"href":"http:\/\/informateesquina.com\/index.php?rest_route=\/wp\/v2\/posts"}],"about":[{"href":"http:\/\/informateesquina.com\/index.php?rest_route=\/wp\/v2\/types\/post"}],"author":[{"embeddable":true,"href":"http:\/\/informateesquina.com\/index.php?rest_route=\/wp\/v2\/users\/1"}],"replies":[{"embeddable":true,"href":"http:\/\/informateesquina.com\/index.php?rest_route=%2Fwp%2Fv2%2Fcomments&post=29474"}],"version-history":[{"count":0,"href":"http:\/\/informateesquina.com\/index.php?rest_route=\/wp\/v2\/posts\/29474\/revisions"}],"wp:featuredmedia":[{"embeddable":true,"href":"http:\/\/informateesquina.com\/index.php?rest_route=\/"}],"wp:attachment":[{"href":"http:\/\/informateesquina.com\/index.php?rest_route=%2Fwp%2Fv2%2Fmedia&parent=29474"}],"wp:term":[{"taxonomy":"category","embeddable":true,"href":"http:\/\/informateesquina.com\/index.php?rest_route=%2Fwp%2Fv2%2Fcategories&post=29474"},{"taxonomy":"post_tag","embeddable":true,"href":"http:\/\/informateesquina.com\/index.php?rest_route=%2Fwp%2Fv2%2Ftags&post=29474"}],"curies":[{"name":"wp","href":"https:\/\/api.w.org\/{rel}","templated":true}]}}