{"id":29543,"date":"2019-07-15T17:25:44","date_gmt":"2019-07-15T20:25:44","guid":{"rendered":"https:\/\/informateesquina.com\/?p=29543"},"modified":"2019-07-15T17:25:44","modified_gmt":"2019-07-15T20:25:44","slug":"policias-fueron-condenados-por-violar-a-dos-adolescentes-que-vivian-en-la-calle","status":"publish","type":"post","link":"http:\/\/informateesquina.com\/?p=29543","title":{"rendered":"Polic\u00edas fueron condenados por violar a dos adolescentes que viv\u00edan en la calle"},"content":{"rendered":"<div class=\"detail-body \">\n<div class=\"preview\">\n<h3>BUENOS AIRES- Los acusados son seis federales y un penitenciario, quienes fueron condenados a penas de 7 a 16 a\u00f1os de prisi\u00f3n.<\/h3>\n<\/div>\n<\/div>\n<div class=\"detail-body\">\n<article id=\"note-body\" class=\"note-body first\" data-twitter-link=\"https:\/\/twitter.com\/intent\/tweet?url=https:\/\/www.minutouno.com\/c5042738&amp;v\u00eda=minutounocom&amp;related=MinutoUno&amp;text=\">\n<div class=\"row\">\n<div class=\"inside-note col-xs-12\">\n<p>Luego de tres a\u00f1os, la Justicia confirm\u00f3 las condenas de entre 7 y 16 a\u00f1os de prisi\u00f3n para seis polic\u00edas federales y un penitenciario que\u00a0<span id=\"saysCMSEmphasiszkd121w4uy9\" class=\"saysCMSEmphasis\">durante los a\u00f1os 2009 y 2011 violaron en reiteradas oportunidades a dos hermanas de 13 y 14 a\u00f1os que viv\u00edan en situaci\u00f3n de calle<\/span>.<\/p>\n<\/div>\n<\/div>\n<\/article>\n<\/div>\n<div class=\"clearfix\"><\/div>\n<div class=\"detail-body \">\n<article id=\"note-body\" class=\"note-body\" data-twitter-link=\"https:\/\/twitter.com\/intent\/tweet?url=https:\/\/www.minutouno.com\/c5042738&amp;v\u00eda=minutounocom&amp;related=MinutoUno&amp;text=\">\n<div class=\"row\">\n<div class=\"inside-note col-xs-12\">\n<p>De acuerdo al informe de uno de los jueces,<span id=\"saysCMSEmphasis4izmbbgkzsf\" class=\"saysCMSEmphasis\">\u00a0los efectivos se \u201caprovechaban de su vulnerabilidad\u201d<\/span><span id=\"saysCMSEmphasiskg0azx3hyee\" class=\"\"><\/span>y s\u00f3lo las trataban como \u201c<span id=\"saysCMSEmphasisuahrpbe153\" class=\"saysCMSEmphasis\">objetos para desahogar su apetito sexual<\/span>\u201d.<\/p>\n<p>Las menores fueron violadas en el predio que el Cuerpo de la Polic\u00eda Montada tiene en la calle Cavia 3302, en Palermo. Adem\u00e1s, los abusos tambi\u00e9n se registraron en una pensi\u00f3n para polic\u00edas de la calle Warnes al 2100, en La Paternal.<\/p>\n<p>Seg\u00fan el fallo, los efectivos buscaban a las menores en el Parque Lezama, de La Boca, y las contactaban de forma telef\u00f3nica, luego las llevaban a cualquiera de las dos dependencias, donde mayormente hab\u00eda agentes y aspirantes de la Polic\u00eda Federal Argentina.<\/p>\n<div id=\"embed1_wrap\" class=\"embed_cont type_freetext no-epigrafe no-copyright\">\n<div id=\"embed1_content\" class=\"embed_content\">\n<div id=\"embed1_embed\"><iframe loading=\"lazy\" src=\"https:\/\/www.google.com\/maps\/embed?pb=!1m18!1m12!1m3!1d3284.315326755347!2d-58.467865984770526!3d-34.59618708046147!2m3!1f0!2f0!3f0!3m2!1i1024!2i768!4f13.1!3m3!1m2!1s0x95bcb6072b74df1d%3A0xf297fb1c1e05e906!2sAv.+Warnes+2100%2C+C1416CQU+CABA!5e0!3m2!1ses!2sar!4v1563205930563!5m2!1ses!2sar\" width=\"600\" height=\"450\" frameborder=\"0\" allowfullscreen=\"allowfullscreen\" data-mce-fragment=\"1\"><\/iframe><\/div>\n<\/div>\n<\/div>\n<p>Dentro de las condenas, las m\u00e1s duras fueron para los agentes<strong>\u00a0Sebasti\u00e1n Borfitz<\/strong>y<strong>\u00a0H\u00e9ctor Palavecino<\/strong>, quienes<strong><span id=\"saysCMSEmphasisyhzprdgf3q\" class=\"\">\u00a0recibieron una pena de 16 a\u00f1os de prisi\u00f3n para cada uno<\/span><\/strong>. En tanto, el agente\u00a0<strong>Gustavo Salinas\u00a0<span id=\"saysCMSEmphasiszf7sg3xonnh\" class=\"\">le dictaron una condena de 14 a\u00f1os\u00a0<\/span><\/strong>y a\u00a0<strong>Mauricio Acevedo una de 12 y medio<\/strong>.<\/p>\n<p>Por su parte, las defensas apelaron ante Casaci\u00f3n la sentencia de los jueces Pablo Vega, Alejandro Nocetti Achaval y Juan Giudice Bravo, por considerar que hubo falta de pruebas o una valoraci\u00f3n err\u00f3nea.<\/p>\n<p>Tambi\u00e9n cuestionaron el informe de los peritos que evaluaron a las v\u00edctimas y marcaron contradicciones en los testimonios de las mismas ya que varios de los imputados sostuvieron que las hermana &#8220;<span id=\"saysCMSEmphasis47o03lkokgw\" class=\"saysCMSEmphasis\">iban por su cuenta&#8221; a verlos<\/span>.<\/p>\n<p>El juez de Casaci\u00f3n Horacio D\u00edas, al momento de dar el veredicto, destac\u00f3 que la sentencia fue un\u00e1nime ante la \u201cveracidad de los relatos prestados por ambas querellantes, a la falta de influencia de terceras personas, a la ausencia de signos de fabulaci\u00f3n, a la presencia de sintomatolog\u00eda compatible con el abuso sexual\u201d.<\/p>\n<\/div>\n<\/div>\n<\/article>\n<\/div>\n","protected":false},"excerpt":{"rendered":"<p>BUENOS AIRES- Los acusados son seis federales y un penitenciario, quienes fueron condenados a penas de 7 a 16 a\u00f1os de prisi\u00f3n. Luego de tres a\u00f1os, la Justicia confirm\u00f3 las condenas de entre 7 y 16 a\u00f1os de prisi\u00f3n para seis polic\u00edas federales y un penitenciario que\u00a0durante los a\u00f1os 2009 y 2011 violaron en reiteradas [&hellip;]<\/p>\n","protected":false},"author":1,"featured_media":29544,"comment_status":"closed","ping_status":"closed","sticky":false,"template":"","format":"standard","meta":{"footnotes":""},"categories":[8],"tags":[],"class_list":["post-29543","post","type-post","status-publish","format-standard","has-post-thumbnail","hentry","category-policiales"],"_links":{"self":[{"href":"http:\/\/informateesquina.com\/index.php?rest_route=\/wp\/v2\/posts\/29543","targetHints":{"allow":["GET"]}}],"collection":[{"href":"http:\/\/informateesquina.com\/index.php?rest_route=\/wp\/v2\/posts"}],"about":[{"href":"http:\/\/informateesquina.com\/index.php?rest_route=\/wp\/v2\/types\/post"}],"author":[{"embeddable":true,"href":"http:\/\/informateesquina.com\/index.php?rest_route=\/wp\/v2\/users\/1"}],"replies":[{"embeddable":true,"href":"http:\/\/informateesquina.com\/index.php?rest_route=%2Fwp%2Fv2%2Fcomments&post=29543"}],"version-history":[{"count":0,"href":"http:\/\/informateesquina.com\/index.php?rest_route=\/wp\/v2\/posts\/29543\/revisions"}],"wp:featuredmedia":[{"embeddable":true,"href":"http:\/\/informateesquina.com\/index.php?rest_route=\/"}],"wp:attachment":[{"href":"http:\/\/informateesquina.com\/index.php?rest_route=%2Fwp%2Fv2%2Fmedia&parent=29543"}],"wp:term":[{"taxonomy":"category","embeddable":true,"href":"http:\/\/informateesquina.com\/index.php?rest_route=%2Fwp%2Fv2%2Fcategories&post=29543"},{"taxonomy":"post_tag","embeddable":true,"href":"http:\/\/informateesquina.com\/index.php?rest_route=%2Fwp%2Fv2%2Ftags&post=29543"}],"curies":[{"name":"wp","href":"https:\/\/api.w.org\/{rel}","templated":true}]}}