{"id":29546,"date":"2019-07-15T17:32:23","date_gmt":"2019-07-15T20:32:23","guid":{"rendered":"https:\/\/informateesquina.com\/?p=29546"},"modified":"2019-07-15T17:32:23","modified_gmt":"2019-07-15T20:32:23","slug":"furor-total-por-faceapp-la-aplicacion-que-te-envejece-en-unos-segundos","status":"publish","type":"post","link":"http:\/\/informateesquina.com\/?p=29546","title":{"rendered":"Furor total por FaceApp, la aplicaci\u00f3n que te envejece en unos segundos"},"content":{"rendered":"<div class=\"detail-body \">\n<div class=\"preview\">\n<h3>Las redes se inundaron de im\u00e1genes de usuarios con canas, arrugas y signos de extrema vejez. Todo se debe a una aplicaci\u00f3n que en pocas horas se convirti\u00f3 en una sensaci\u00f3n.<\/h3>\n<\/div>\n<\/div>\n<div class=\"detail-body\">\n<article id=\"note-body\" class=\"note-body first\" data-twitter-link=\"https:\/\/twitter.com\/intent\/tweet?url=https:\/\/www.minutouno.com\/c5042730&amp;v\u00eda=minutounocom&amp;related=MinutoUno&amp;text=\">\n<div class=\"row\">\n<div class=\"inside-note col-xs-12\">\n<p><strong>&#8220;\u00bfC\u00f3mo seremos de viejos?&#8221;.<\/strong>\u00a0La pregunta, tan com\u00fan como incierta, parece haber encontrado una respuesta, que incre\u00edblemente llega de la mano de la tecnolog\u00eda.<\/p>\n<\/div>\n<\/div>\n<\/article>\n<\/div>\n<div class=\"clearfix\"><\/div>\n<div class=\"detail-body \">\n<article id=\"note-body\" class=\"note-body\" data-twitter-link=\"https:\/\/twitter.com\/intent\/tweet?url=https:\/\/www.minutouno.com\/c5042730&amp;v\u00eda=minutounocom&amp;related=MinutoUno&amp;text=\">\n<div class=\"row\">\n<div class=\"inside-note col-xs-12\">\n<p>Es que en las \u00faltimas horas las redes sociales se vieron inundadas de im\u00e1genes de usuarios repletos de arrugas y canas, todo gracias a FaceApp, una aplicaci\u00f3n que te muestra en pocos segundos c\u00f3mo ser\u00eda tu versi\u00f3n &#8220;anciana&#8221;.<\/p>\n<p>La misma, disponible en\u00a0<em>iOS<\/em>\u00a0y\u00a0<em>Android<\/em>, s\u00f3lo te pide una foto tuya (o de cualquier persona), la reconoce e inmediatamente le aplica un filtro para modificarla por completo. Adem\u00e1s de &#8220;envejecer&#8221; a la persona en cuesti\u00f3n, tambi\u00e9n permite\u00a0<strong>rejuvenecer, cambiar el peinado, el color de pelo y hasta hacer sonre\u00edr al protagonista<\/strong>.<\/p>\n<p>Estas funciones pertenecen a la parte gratuita de la aplicaci\u00f3n, que tambi\u00e9n cuenta con un versi\u00f3n &#8220;premium&#8221; que tiene m\u00e1s variantes para modificar fotos.<\/p>\n<p>Dentro del furor, como no pod\u00eda ser de otra manera, varias famosos se sumaron a la oleada y compartieron con sus seguidores sus fotos de &#8220;ancianos&#8221;:<\/p>\n<div class=\"stream-item-header\">\n<div class=\"tweet js-stream-tweet js-actionable-tweet js-profile-popup-actionable dismissible-content\n       original-tweet js-original-tweet\n\n       has-cards  has-content\n\" data-tweet-id=\"1150744519547207681\" data-item-id=\"1150744519547207681\" data-permalink-path=\"\/AlfTuitea\/status\/1150744519547207681\" data-conversation-id=\"1150744519547207681\" data-tweet-nonce=\"1150744519547207681-a49e2404-b7c0-45fd-ba2d-dd28b0b85e6c\" data-tweet-stat-initialized=\"true\" data-screen-name=\"AlfTuitea\" data-name=\"Alfin\" data-user-id=\"165620013\" data-you-follow=\"false\" data-follows-you=\"false\" data-you-block=\"false\" data-reply-to-users-json=\"[{&quot;id_str&quot;:&quot;165620013&quot;,&quot;screen_name&quot;:&quot;AlfTuitea&quot;,&quot;name&quot;:&quot;Alfin&quot;,&quot;emojified_name&quot;:{&quot;text&quot;:&quot;Alfin&quot;,&quot;emojified_text_as_html&quot;:&quot;Alfin&quot;}}]\" data-disclosure-type=\"\" data-has-cards=\"true\" data-component-context=\"tweet\"><\/p>\n<div class=\"content\">\n<div class=\"AdaptiveMediaOuterContainer\">\n<div class=\"AdaptiveMedia\n\n        \"><\/p>\n<div class=\"AdaptiveMedia-container\">\n<div class=\"AdaptiveMedia-doublePhoto\">\n<div class=\"AdaptiveMedia-halfWidthPhoto\"><\/div>\n<\/div>\n<\/div>\n<\/div>\n<\/div>\n<div class=\"stream-item-footer\">\n<div class=\"ProfileTweet-actionList js-actions\" role=\"group\" aria-label=\"Acciones del Tweet\">\n<div class=\"ProfileTweet-action ProfileTweet-action--dm\">\n<div class=\"IconContainer js-tooltip\" title=\"Mensaje directo\"><\/div>\n<\/div>\n<\/div>\n<\/div>\n<\/div>\n<\/div>\n<div class=\"tweet js-stream-tweet js-actionable-tweet js-profile-popup-actionable dismissible-content original-tweet js-original-tweet has-cards has-content\" data-tweet-id=\"1150624076320378880\" data-item-id=\"1150624076320378880\" data-permalink-path=\"\/Frankucho79\/status\/1150624076320378880\" data-conversation-id=\"1150624076320378880\" data-tweet-nonce=\"1150624076320378880-a522712a-b8d0-41b3-99ea-d927cc96bacb\" data-tweet-stat-initialized=\"true\" data-screen-name=\"Frankucho79\" data-name=\"Franko Bonetto\u26bd\ufe0fFrankucho\u25ba\" data-user-id=\"101680523\" data-you-follow=\"false\" data-follows-you=\"true\" data-you-block=\"false\" data-reply-to-users-json=\"[{&quot;id_str&quot;:&quot;101680523&quot;,&quot;screen_name&quot;:&quot;Frankucho79&quot;,&quot;name&quot;:&quot;Franko Bonetto\\u26bd\\ufe0fFrankucho\\u25ba&quot;,&quot;emojified_name&quot;:{&quot;text&quot;:&quot;Franko Bonetto\\u26bd\\ufe0fFrankucho\\u25ba&quot;,&quot;emojified_text_as_html&quot;:&quot;Franko Bonetto\\u003cspan class=\\&quot;Emoji Emoji--forLinks\\&quot; style=\\&quot;background-image:url('https:\\\/\\\/abs.twimg.com\\\/emoji\\\/v2\\\/72x72\\\/26bd.png')\\&quot; title=\\&quot;Bal\\u00f3n de f\\u00fatbol\\&quot; aria-label=\\&quot;Emoji: Bal\\u00f3n de f\\u00fatbol\\&quot;\\u003e&amp;nbsp;\\u003c\\\/span\\u003e\\u003cspan class=\\&quot;visuallyhidden\\&quot; aria-hidden=\\&quot;true\\&quot;\\u003e\\u26bd\\ufe0f\\u003c\\\/span\\u003eFrankucho\\u25ba&quot;}}]\" data-disclosure-type=\"\" data-has-cards=\"true\" data-component-context=\"tweet\">\n<div class=\"content\">\n<div class=\"js-tweet-text-container\">\n<p class=\"TweetTextSize  js-tweet-text tweet-text\" lang=\"es\" data-aria-label-part=\"0\"><strong>Guillermo Barros Schelotto esperando la revancha de Madrid <a class=\"twitter-hashtag pretty-link js-nav\" dir=\"ltr\" href=\"https:\/\/twitter.com\/hashtag\/FaceApp?src=hash\" data-query-source=\"hashtag_click\"><s>#<\/s>FaceApp<\/a><\/strong><\/p>\n<\/div>\n<div class=\"AdaptiveMediaOuterContainer\">\n<div class=\"AdaptiveMedia\n\n        is-square\n\n        \"><\/p>\n<div class=\"AdaptiveMedia-container\">\n<div class=\"AdaptiveMedia-singlePhoto\">\n<div class=\"AdaptiveMedia-photoContainer js-adaptive-photo \" data-image-url=\"https:\/\/pbs.twimg.com\/media\/D_fWfhnXUAEzwXl.jpg\" data-element-context=\"platform_photo_card\" data-dominant-color=\"[64,53,45]\"><img decoding=\"async\" src=\"https:\/\/pbs.twimg.com\/media\/D_fWfhnXUAEzwXl.jpg\" alt=\"\" data-aria-label-part=\"\" \/><\/div>\n<\/div>\n<\/div>\n<\/div>\n<\/div>\n<div class=\"stream-item-footer\"><\/div>\n<\/div>\n<\/div>\n<div class=\"tweet js-stream-tweet js-actionable-tweet js-profile-popup-actionable dismissible-content\n       original-tweet js-original-tweet\n\n       has-cards  has-content\n\" data-tweet-id=\"1150585396063080448\" data-item-id=\"1150585396063080448\" data-permalink-path=\"\/LaNegraDeRiver\/status\/1150585396063080448\" data-conversation-id=\"1150585396063080448\" data-tweet-nonce=\"1150585396063080448-da200505-54af-44f3-b4a5-8f1662d0acc5\" data-tweet-stat-initialized=\"true\" data-screen-name=\"LaNegraDeRiver\" data-name=\"L4UR4\" data-user-id=\"274210496\" data-you-follow=\"false\" data-follows-you=\"false\" data-you-block=\"false\" data-reply-to-users-json=\"[{&quot;id_str&quot;:&quot;274210496&quot;,&quot;screen_name&quot;:&quot;LaNegraDeRiver&quot;,&quot;name&quot;:&quot;L4UR4&quot;,&quot;emojified_name&quot;:{&quot;text&quot;:&quot;L4UR4&quot;,&quot;emojified_text_as_html&quot;:&quot;L4UR4&quot;}}]\" data-disclosure-type=\"\" data-has-cards=\"true\" data-component-context=\"tweet\"><\/p>\n<div class=\"content\">\n<div class=\"js-tweet-text-container\">\n<p class=\"TweetTextSize  js-tweet-text tweet-text\" lang=\"es\" data-aria-label-part=\"0\">\n<\/div>\n<\/div>\n<\/div>\n<\/div>\n<div class=\"stream-item-header\">\n<div class=\"ProfileTweet-action ProfileTweet-action--more js-more-ProfileTweet-actions\">\n<div class=\"dropdown\">\n<div class=\"IconContainer js-tooltip\" data-original-title=\"M\u00e1s\"><\/div>\n<\/div>\n<\/div>\n<\/div>\n<div class=\"js-tweet-text-container\">\n<h2 class=\"TweetTextSize js-tweet-text tweet-text\" lang=\"es\" data-aria-label-part=\"0\"><strong>Los candidatos al Bal\u00f3n de Oro 2059:\u00a0 <s>#<\/s>FaceApp<\/strong><\/h2>\n<\/div>\n<div class=\"AdaptiveMediaOuterContainer\">\n<div class=\"AdaptiveMedia \">\n<div class=\"AdaptiveMedia-container\">\n<div class=\"AdaptiveMedia-doublePhoto\">\n<div class=\"AdaptiveMedia-halfWidthPhoto\">\n<div class=\"AdaptiveMedia-photoContainer js-adaptive-photo \" data-image-url=\"https:\/\/pbs.twimg.com\/media\/D_it4PiXsAAAaYQ.jpg\" data-element-context=\"platform_photo_card\" data-dominant-color=\"[64,43,35]\"><img decoding=\"async\" src=\"https:\/\/pbs.twimg.com\/media\/D_it4PiXsAAAaYQ.jpg\" alt=\"\" data-aria-label-part=\"\" \/><\/div>\n<\/div>\n<div class=\"AdaptiveMedia-halfWidthPhoto\">\n<div class=\"AdaptiveMedia-photoContainer js-adaptive-photo \" data-image-url=\"https:\/\/pbs.twimg.com\/media\/D_it4P2WkAUnRB9.jpg\" data-element-context=\"platform_photo_card\" data-dominant-color=\"[64,46,51]\"><img decoding=\"async\" src=\"https:\/\/pbs.twimg.com\/media\/D_it4P2WkAUnRB9.jpg\" alt=\"\" data-aria-label-part=\"\" \/><\/div>\n<\/div>\n<\/div>\n<\/div>\n<\/div>\n<\/div>\n<div class=\"stream-item-footer\">\n<div class=\"ProfileTweet-actionList js-actions\" role=\"group\" aria-label=\"Acciones del Tweet\">\n<div class=\"ProfileTweet-action ProfileTweet-action--dm\">\n<div class=\"IconContainer js-tooltip\" title=\"Mensaje directo\"><\/div>\n<\/div>\n<\/div>\n<\/div>\n<\/div>\n<\/div>\n<div class=\"js-tweet-text-container\">\n<h3 class=\"TweetTextSize js-tweet-text tweet-text\" lang=\"es\" data-aria-label-part=\"0\"><strong><a class=\"twitter-hashtag pretty-link js-nav\" dir=\"ltr\" href=\"https:\/\/twitter.com\/hashtag\/FaceApp?src=hash\" data-query-source=\"hashtag_click\"><s>#<\/s>FaceApp<\/a> <img decoding=\"async\" class=\"Emoji Emoji--forText\" title=\"Anciano\" draggable=\"false\" src=\"https:\/\/abs.twimg.com\/emoji\/v2\/72x72\/1f474.png\" alt=\"?\" aria-label=\"Emoji: Anciano\" \/> A\u00f1o 2050: el plantel de River se prepara para empezar la pretemporada en Ezeiza.<\/strong><\/h3>\n<\/div>\n<div class=\"AdaptiveMediaOuterContainer\">\n<div class=\"AdaptiveMedia \">\n<div class=\"AdaptiveMedia-container\">\n<div class=\"AdaptiveMedia-quadPhoto\">\n<div class=\"AdaptiveMedia-threeQuartersWidthPhoto\">\n<div class=\"AdaptiveMedia-photoContainer js-adaptive-photo \" data-image-url=\"https:\/\/pbs.twimg.com\/media\/D_hc62OXUAAcAyk.jpg\" data-element-context=\"platform_photo_card\" data-dominant-color=\"[43,54,64]\"><img decoding=\"async\" src=\"https:\/\/pbs.twimg.com\/media\/D_hc62OXUAAcAyk.jpg\" alt=\"\" data-aria-label-part=\"\" \/><\/div>\n<\/div>\n<div class=\"AdaptiveMedia-thirdHeightPhotoContainer\">\n<div class=\"AdaptiveMedia-thirdHeightPhoto\">\n<div class=\"AdaptiveMedia-photoContainer js-adaptive-photo \" data-image-url=\"https:\/\/pbs.twimg.com\/media\/D_hc-wYXoAIOSfa.jpg\" data-element-context=\"platform_photo_card\" data-dominant-color=\"[31,33,38]\"><img decoding=\"async\" src=\"https:\/\/pbs.twimg.com\/media\/D_hc-wYXoAIOSfa.jpg\" alt=\"\" data-aria-label-part=\"\" \/><\/div>\n<\/div>\n<div class=\"AdaptiveMedia-thirdHeightPhoto\">\n<div class=\"AdaptiveMedia-photoContainer js-adaptive-photo \" data-image-url=\"https:\/\/pbs.twimg.com\/media\/D_hc-wXWsAYSkuP.jpg\" data-element-context=\"platform_photo_card\" data-dominant-color=\"[52,64,25]\"><img decoding=\"async\" src=\"https:\/\/pbs.twimg.com\/media\/D_hc-wXWsAYSkuP.jpg\" alt=\"\" data-aria-label-part=\"\" \/><\/div>\n<\/div>\n<div class=\"AdaptiveMedia-thirdHeightPhoto\">\n<div class=\"AdaptiveMedia-photoContainer js-adaptive-photo \" data-image-url=\"https:\/\/pbs.twimg.com\/media\/D_hc-xKWkAAqyEn.jpg\" data-element-context=\"platform_photo_card\" data-dominant-color=\"[47,50,57]\"><img decoding=\"async\" src=\"https:\/\/pbs.twimg.com\/media\/D_hc-xKWkAAqyEn.jpg\" alt=\"\" data-aria-label-part=\"\" \/><\/div>\n<\/div>\n<\/div>\n<\/div>\n<\/div>\n<\/div>\n<\/div>\n<div class=\"stream-item-footer\">\n<div class=\"ProfileTweet-actionList js-actions\" role=\"group\" aria-label=\"Acciones del Tweet\">\n<div class=\"ProfileTweet-action ProfileTweet-action--reply\">\n<div class=\"IconContainer js-tooltip\" title=\"Responder\"><\/div>\n<\/div>\n<div class=\"ProfileTweet-action ProfileTweet-action--dm\"><\/div>\n<\/div>\n<\/div>\n<div class=\"row\">\n<div class=\"inside-note col-xs-12\">\n<div id=\"embed25_wrap\" class=\"embed_cont type_freetext no-epigrafe no-copyright\">\n<div id=\"embed25_content\" class=\"embed_content\">\n<div id=\"embed25_embed\">\n<div class=\"SandboxRoot env-bp-350\" data-twitter-event-id=\"0\">\n<div id=\"twitter-widget-0\" class=\"EmbeddedTweet EmbeddedTweet--cta js-clickToOpenTarget tweet-InformationCircle-widgetParent\" lang=\"es\" data-click-to-open-target=\"https:\/\/twitter.com\/AngeldebritoOk\/status\/1150747474077917184\" data-iframe-title=\"Tweet de Twitter\" data-scribe=\"page:tweet\" data-twitter-event-id=\"3\">\n<div class=\"EmbeddedTweet-tweetContainer\">\n<div class=\"EmbeddedTweet-tweet\">\n<div class=\"Tweet-header\">\n<div class=\"TweetAuthor js-inViewportScribingTarget\" data-scribe=\"component:author\">\n<div class=\"Icon Icon--verified \" title=\"Cuenta verificada\" role=\"img\" aria-label=\"Cuenta verificada\"><\/div>\n<h3 class=\"TweetAuthor-nameScreenNameContainer\"><strong><span class=\"TweetAuthor-decoratedName\"><span class=\"TweetAuthor-verifiedBadge\" data-scribe=\"element:verified_badge\">\u2714<\/span><\/span><span class=\"TweetAuthor-screenName Identity-screenName\" dir=\"ltr\" title=\"@AngeldebritoOk\" data-scribe=\"element:screen_name\">@AngeldebritoOk<\/span><\/strong><\/h3>\n<\/div>\n<div class=\"Tweet-brand\">\n<div class=\"Icon Icon--twitter \" title=\"Ver en Twitter\" role=\"presentation\" aria-label=\"Ver en Twitter\"><\/div>\n<\/div>\n<\/div>\n<div class=\"Tweet-body e-entry-content\" data-scribe=\"component:tweet\">\n<div class=\"Tweet-card\">\n<div class=\"QuoteTweet\" tabindex=\"0\" data-scribe=\"section:quote\">\n<div class=\"QuoteTweet-nonMediaContainer\"><\/div>\n<\/div>\n<\/div>\n<\/div>\n<div class=\"Tweet-body e-entry-content\" data-scribe=\"component:tweet\">\n<div class=\"Tweet-card\">\n<div class=\"QuoteTweet\" tabindex=\"0\" data-scribe=\"section:quote\">\n<div class=\"QuotedTweet-media\">\n<article class=\"MediaCard customisable-border\" dir=\"ltr\" data-scribe=\"component:card\">\n<div class=\"MediaCard-media\" data-scribe=\"element:photo\">\n<div class=\"MediaCard-widthConstraint js-cspForcedStyle\" data-style=\"max-width: 400px\">\n<div class=\"MediaCard-mediaContainer js-cspForcedStyle MediaCard--roundedBottom\" data-style=\"padding-bottom: 100.0000%\">\n<div class=\"MediaCard-mediaAsset NaturalImage\"><img loading=\"lazy\" decoding=\"async\" class=\"NaturalImage-image\" title=\"Ver imagen en Twitter\" src=\"https:\/\/pbs.twimg.com\/media\/D_g8BIzXkAALeim?format=jpg&amp;name=small\" alt=\"Ver imagen en Twitter\" width=\"400\" height=\"400\" data-image=\"https:\/\/pbs.twimg.com\/media\/D_g8BIzXkAALeim\" data-image-format=\"jpg\" \/><\/div>\n<\/div>\n<\/div>\n<\/div>\n<\/article>\n<\/div>\n<\/div>\n<\/div>\n<\/div>\n<blockquote class=\"Tweet h-entry js-tweetIdInfo subject expanded\" cite=\"https:\/\/twitter.com\/AngeldebritoOk\/status\/1150747474077917184\" data-tweet-id=\"1150747474077917184\" data-scribe=\"section:subject\">\n<div class=\"Tweet-body e-entry-content\" data-scribe=\"component:tweet\">\n<div class=\"TweetInfo\">\n<div class=\"TweetInfo-like\"><\/div>\n<\/div>\n<\/div>\n<\/blockquote>\n<\/div>\n<div class=\"CallToAction-chevron\" data-scribe=\"element:cta_chevron\">\n<div class=\"Icon Icon--chevronRightCTA \" title=\"Ver en Twitter\" role=\"img\" aria-label=\"Ver en Twitter\"><\/div>\n<\/div>\n<\/div>\n<\/div>\n<div class=\"resize-sensor\">\n<div class=\"resize-sensor-expand\">\n<div><\/div>\n<\/div>\n<div class=\"resize-sensor-shrink\">\n<div><\/div>\n<\/div>\n<\/div>\n<\/div>\n<\/div>\n<\/div>\n<\/div>\n<div id=\"embed25_wrap\" class=\"embed_cont type_freetext no-epigrafe no-copyright\">\n<div id=\"embed25_content\" class=\"embed_content\">\n<div id=\"embed25_embed\">\n<div class=\"SandboxRoot env-bp-350\" data-twitter-event-id=\"1\">\n<div id=\"twitter-widget-1\" class=\"EmbeddedTweet EmbeddedTweet--cta js-clickToOpenTarget tweet-InformationCircle-widgetParent\" lang=\"es\" data-click-to-open-target=\"https:\/\/twitter.com\/cuervotinelli\/status\/1150762110328168448\" data-iframe-title=\"Tweet de Twitter\" data-scribe=\"page:tweet\" data-twitter-event-id=\"2\">\n<div class=\"EmbeddedTweet-tweetContainer\">\n<div class=\"EmbeddedTweet-tweet\">\n<blockquote class=\"Tweet h-entry js-tweetIdInfo subject expanded\" cite=\"https:\/\/twitter.com\/cuervotinelli\/status\/1150762110328168448\" data-tweet-id=\"1150762110328168448\" data-scribe=\"section:subject\">\n<div class=\"Tweet-header\">\n<div class=\"TweetAuthor js-inViewportScribingTarget\" data-scribe=\"component:author\">\n<div class=\"TweetAuthor-nameScreenNameContainer\">\n<p><span class=\"TweetAuthor-decoratedName\"><span class=\"TweetAuthor-name Identity-name customisable-highlight\" title=\"marcelo tinelli\" data-scribe=\"element:name\">marcelo tinelli<\/span><\/span><\/p>\n<div class=\"Icon Icon--verified \" title=\"Cuenta verificada\" role=\"img\" aria-label=\"Cuenta verificada\"><\/div>\n<p>&nbsp;<\/p>\n<\/div>\n<\/div>\n<\/div>\n<div class=\"Tweet-body e-entry-content\" data-scribe=\"component:tweet\">\n<div class=\"Tweet-card\">\n<div class=\"QuoteTweet\" tabindex=\"0\" data-scribe=\"section:quote\">\n<div class=\"QuotedTweet-media\">\n<article class=\"MediaCard customisable-border\" dir=\"ltr\" data-scribe=\"component:card\">\n<div class=\"MediaCard-media\" data-scribe=\"element:photo\">\n<div class=\"MediaCard-widthConstraint js-cspForcedStyle\" data-style=\"max-width: 1097px\">\n<div class=\"MediaCard-mediaContainer js-cspForcedStyle MediaCard--roundedBottom\" data-style=\"padding-bottom: 100.0000%\">\n<div class=\"MediaCard-mediaAsset NaturalImage\"><img loading=\"lazy\" decoding=\"async\" class=\"NaturalImage-image\" title=\"Ver imagen en Twitter\" src=\"https:\/\/pbs.twimg.com\/media\/D_fc-84WkAAydev?format=jpg&amp;name=small\" alt=\"Ver imagen en Twitter\" width=\"1097\" height=\"1200\" data-image=\"https:\/\/pbs.twimg.com\/media\/D_fc-84WkAAydev\" data-image-format=\"jpg\" \/><\/div>\n<\/div>\n<\/div>\n<\/div>\n<\/article>\n<\/div>\n<\/div>\n<\/div>\n<div class=\"TweetInfo\"><\/div>\n<\/div>\n<\/blockquote>\n<\/div>\n<div class=\"CallToAction-chevron\" data-scribe=\"element:cta_chevron\">\n<div class=\"Icon Icon--chevronRightCTA \" title=\"Ver en Twitter\" role=\"img\" aria-label=\"Ver en Twitter\"><\/div>\n<\/div>\n<\/div>\n<\/div>\n<div class=\"resize-sensor\">\n<div class=\"resize-sensor-expand\">\n<div><\/div>\n<\/div>\n<div class=\"resize-sensor-shrink\">\n<div><\/div>\n<\/div>\n<\/div>\n<\/div>\n<\/div>\n<\/div>\n<\/div>\n<\/div>\n<\/div>\n<\/article>\n<\/div>\n","protected":false},"excerpt":{"rendered":"<p>Las redes se inundaron de im\u00e1genes de usuarios con canas, arrugas y signos de extrema vejez. Todo se debe a una aplicaci\u00f3n que en pocas horas se convirti\u00f3 en una sensaci\u00f3n. &#8220;\u00bfC\u00f3mo seremos de viejos?&#8221;.\u00a0La pregunta, tan com\u00fan como incierta, parece haber encontrado una respuesta, que incre\u00edblemente llega de la mano de la tecnolog\u00eda. Es [&hellip;]<\/p>\n","protected":false},"author":1,"featured_media":29547,"comment_status":"closed","ping_status":"closed","sticky":false,"template":"","format":"standard","meta":{"footnotes":""},"categories":[4],"tags":[],"class_list":["post-29546","post","type-post","status-publish","format-standard","has-post-thumbnail","hentry","category-espectaculos"],"_links":{"self":[{"href":"http:\/\/informateesquina.com\/index.php?rest_route=\/wp\/v2\/posts\/29546","targetHints":{"allow":["GET"]}}],"collection":[{"href":"http:\/\/informateesquina.com\/index.php?rest_route=\/wp\/v2\/posts"}],"about":[{"href":"http:\/\/informateesquina.com\/index.php?rest_route=\/wp\/v2\/types\/post"}],"author":[{"embeddable":true,"href":"http:\/\/informateesquina.com\/index.php?rest_route=\/wp\/v2\/users\/1"}],"replies":[{"embeddable":true,"href":"http:\/\/informateesquina.com\/index.php?rest_route=%2Fwp%2Fv2%2Fcomments&post=29546"}],"version-history":[{"count":0,"href":"http:\/\/informateesquina.com\/index.php?rest_route=\/wp\/v2\/posts\/29546\/revisions"}],"wp:featuredmedia":[{"embeddable":true,"href":"http:\/\/informateesquina.com\/index.php?rest_route=\/"}],"wp:attachment":[{"href":"http:\/\/informateesquina.com\/index.php?rest_route=%2Fwp%2Fv2%2Fmedia&parent=29546"}],"wp:term":[{"taxonomy":"category","embeddable":true,"href":"http:\/\/informateesquina.com\/index.php?rest_route=%2Fwp%2Fv2%2Fcategories&post=29546"},{"taxonomy":"post_tag","embeddable":true,"href":"http:\/\/informateesquina.com\/index.php?rest_route=%2Fwp%2Fv2%2Ftags&post=29546"}],"curies":[{"name":"wp","href":"https:\/\/api.w.org\/{rel}","templated":true}]}}