{"id":29552,"date":"2019-07-15T17:47:05","date_gmt":"2019-07-15T20:47:05","guid":{"rendered":"https:\/\/informateesquina.com\/?p=29552"},"modified":"2019-07-15T17:47:05","modified_gmt":"2019-07-15T20:47:05","slug":"las-postales-de-las-vacaciones-de-oriana-sabatini-y-paulo-dybala","status":"publish","type":"post","link":"http:\/\/informateesquina.com\/?p=29552","title":{"rendered":"Las postales de las vacaciones de Oriana Sabatini y Paulo Dybala"},"content":{"rendered":"<p class=\"copete\"><em><strong>La cantante y el futbolista realizaron una escapada a las Islas Turcas y Caicos, acompa\u00f1ados por unas parejas amigas.\u00a0<\/strong><\/em><\/p>\n<p><img loading=\"lazy\" decoding=\"async\" class=\"alignnone size-medium wp-image-29554\" src=\"https:\/\/informateesquina.com\/wp-content\/uploads\/2019\/07\/276200-241x300.jpg\" alt=\"\" width=\"241\" height=\"300\" \/><\/p>\n<p>Oriana Sabatini\u00a0y\u00a0Paulo Dybala\u00a0est\u00e1n disfrutando de unas vacaciones en\u00a0las Islas Turcas y Caicos. La pareja aprovecha este viaje para descansar por unos d\u00edas y as\u00ed recuperar energ\u00edas para la segunda mitad del a\u00f1o.<\/p>\n<p><a class=\"fotos-desarrollo unlink\" title=\"Las postales de las vacaciones de Oriana Sabatini y Paulo Dybala\" href=\"http:\/\/www.radiosudamericana.com\/notix\/multimedia\/imagenes\/fotos\/2019-07-15\/511303.jpg\"><img decoding=\"async\" class=\"img-responsive\" src=\"http:\/\/www.radiosudamericana.com\/notix\/multimedia\/imagenes\/fotos\/2019-07-15\/511303.jpg\" \/><\/a><\/p>\n<p>A diferencia de otras escapadas, en esta oportunidad la cantante y el jugador del Juventus eligieron ir con otras parejas amigas: los futbolistas\u00a0Leandro Paredes\u00a0y\u00a0Rodrigo De Paul, quienes viajaron con sus respectivas mujeres e hijos.<\/p>\n<p><a class=\"fotos-desarrollo unlink\" title=\"Las postales de las vacaciones de Oriana Sabatini y Paulo Dybala\" href=\"http:\/\/www.radiosudamericana.com\/notix\/multimedia\/imagenes\/fotos\/2019-07-15\/214064.jpg\"><img decoding=\"async\" class=\"img-responsive\" src=\"http:\/\/www.radiosudamericana.com\/notix\/multimedia\/imagenes\/fotos\/2019-07-15\/214064.jpg\" \/><\/a><\/p>\n<p>Paredes, De Paul y Dybala fueron compa\u00f1eros de la Selecci\u00f3n Argentina en la Copa Am\u00e9rica que se realiz\u00f3 en Brasil la semana pasada. Aunque el equipo albiceleste qued\u00f3 en el tercer puesto de la competencia, ellos eligieron el mismo lugar para descansar antes de retomar sus compromisos laborales.<\/p>\n<p><a class=\"fotos-desarrollo unlink\" title=\"Las postales de las vacaciones de Oriana Sabatini y Paulo Dybala\" href=\"http:\/\/www.radiosudamericana.com\/notix\/multimedia\/imagenes\/fotos\/2019-07-15\/714017.jpg\"><img decoding=\"async\" class=\"img-responsive\" src=\"http:\/\/www.radiosudamericana.com\/notix\/multimedia\/imagenes\/fotos\/2019-07-15\/714017.jpg\" \/><\/a><\/p>\n<p>En Instagram, fueron subiendo algunas im\u00e1genes de este viaje entre amigos. Oriana Sabatini y Paulo Dybala posaron muy relajados en compa\u00f1\u00eda de\u00a0Rodrigo De Paul y Cami Homs, as\u00ed como con\u00a0Leandro Paredes\u00a0y\u00a0Camila Victoria Galante.<\/p>\n<p><a class=\"fotos-desarrollo unlink\" title=\"Las postales de las vacaciones de Oriana Sabatini y Paulo Dybala\" href=\"http:\/\/www.radiosudamericana.com\/notix\/multimedia\/imagenes\/fotos\/2019-07-15\/743543.jpg\"><img decoding=\"async\" class=\"img-responsive\" src=\"http:\/\/www.radiosudamericana.com\/notix\/multimedia\/imagenes\/fotos\/2019-07-15\/743543.jpg\" \/><\/a><\/p>\n<p>Las parejas aprovecharon para tomar sol, nadar en las playas o en la pileta. Adem\u00e1s, comparten mates, charlas, comidas y momentos divertidos en las\u00a0Islas Turcas y Caicos, uno<\/p>\n<p><a class=\"fotos-desarrollo unlink\" title=\"Las postales de las vacaciones de Oriana Sabatini y Paulo Dybala\" href=\"http:\/\/www.radiosudamericana.com\/notix\/multimedia\/imagenes\/fotos\/2019-07-15\/746768.jpg\"><img decoding=\"async\" class=\"img-responsive\" src=\"http:\/\/www.radiosudamericana.com\/notix\/multimedia\/imagenes\/fotos\/2019-07-15\/746768.jpg\" \/><\/a><\/p>\n<p>El noviazgo entre Oriana y Paulo se ha fortalecido con el paso del tiempo. Ellos comenzaron a mostrarse juntos de manera p\u00fablica\u00a0en julio de de 2018. Ella ven\u00eda de una larga relaci\u00f3n con el actor\u00a0Juli\u00e1n Serrano, mientras que \u00e9l hab\u00eda estado en pareja con la modelo\u00a0Antonella Cavalieri.<\/p>\n<p><a class=\"fotos-desarrollo unlink\" title=\"Las postales de las vacaciones de Oriana Sabatini y Paulo Dybala\" href=\"http:\/\/www.radiosudamericana.com\/notix\/multimedia\/imagenes\/fotos\/2019-07-15\/712242.jpg\"><img decoding=\"async\" class=\"img-responsive\" src=\"http:\/\/www.radiosudamericana.com\/notix\/multimedia\/imagenes\/fotos\/2019-07-15\/712242.jpg\" \/><\/a><\/p>\n<p>Por sus respectivas carreras, ellos deben mantener la relaci\u00f3n de novios a distancia. De esta manera, buscan encontrar un equilibrio justo para pasar tiempo juntos, sin dejar que cada uno pueda cumplir con sus compromisos laborales.<\/p>\n<p>En\u00a0una entrevista con Teleshow, la hija de Catherine Fulop y Osvaldo Sabatini dijo: &#8220;Mucha gente dice que es re dif\u00edcil una relaci\u00f3n a distancia, pero tambi\u00e9n es re dif\u00edcil convivir.\u00a0Lo que tiene la distancia es que no sab\u00e9s cu\u00e1nto tiempo te vas a ver con esa persona, cu\u00e1ndo es la \u00faltima vez que se ver\u00e1n, o la pr\u00f3xima.\u00a0Entonces, aprovech\u00e1s todo al cien por ciento. Valor\u00e1s todos los d\u00edas como si fuera el \u00faltimo&#8221;.<\/p>\n","protected":false},"excerpt":{"rendered":"<p>La cantante y el futbolista realizaron una escapada a las Islas Turcas y Caicos, acompa\u00f1ados por unas parejas amigas.\u00a0 Oriana Sabatini\u00a0y\u00a0Paulo Dybala\u00a0est\u00e1n disfrutando de unas vacaciones en\u00a0las Islas Turcas y Caicos. La pareja aprovecha este viaje para descansar por unos d\u00edas y as\u00ed recuperar energ\u00edas para la segunda mitad del a\u00f1o. A diferencia de otras [&hellip;]<\/p>\n","protected":false},"author":1,"featured_media":29553,"comment_status":"closed","ping_status":"closed","sticky":false,"template":"","format":"standard","meta":{"footnotes":""},"categories":[4],"tags":[],"class_list":["post-29552","post","type-post","status-publish","format-standard","has-post-thumbnail","hentry","category-espectaculos"],"_links":{"self":[{"href":"http:\/\/informateesquina.com\/index.php?rest_route=\/wp\/v2\/posts\/29552","targetHints":{"allow":["GET"]}}],"collection":[{"href":"http:\/\/informateesquina.com\/index.php?rest_route=\/wp\/v2\/posts"}],"about":[{"href":"http:\/\/informateesquina.com\/index.php?rest_route=\/wp\/v2\/types\/post"}],"author":[{"embeddable":true,"href":"http:\/\/informateesquina.com\/index.php?rest_route=\/wp\/v2\/users\/1"}],"replies":[{"embeddable":true,"href":"http:\/\/informateesquina.com\/index.php?rest_route=%2Fwp%2Fv2%2Fcomments&post=29552"}],"version-history":[{"count":0,"href":"http:\/\/informateesquina.com\/index.php?rest_route=\/wp\/v2\/posts\/29552\/revisions"}],"wp:featuredmedia":[{"embeddable":true,"href":"http:\/\/informateesquina.com\/index.php?rest_route=\/"}],"wp:attachment":[{"href":"http:\/\/informateesquina.com\/index.php?rest_route=%2Fwp%2Fv2%2Fmedia&parent=29552"}],"wp:term":[{"taxonomy":"category","embeddable":true,"href":"http:\/\/informateesquina.com\/index.php?rest_route=%2Fwp%2Fv2%2Fcategories&post=29552"},{"taxonomy":"post_tag","embeddable":true,"href":"http:\/\/informateesquina.com\/index.php?rest_route=%2Fwp%2Fv2%2Ftags&post=29552"}],"curies":[{"name":"wp","href":"https:\/\/api.w.org\/{rel}","templated":true}]}}