{"id":29556,"date":"2019-07-15T17:50:39","date_gmt":"2019-07-15T20:50:39","guid":{"rendered":"https:\/\/informateesquina.com\/?p=29556"},"modified":"2019-07-15T17:50:39","modified_gmt":"2019-07-15T20:50:39","slug":"virgen-de-itati-cronograma-de-actividades-para-este-16-de-julio","status":"publish","type":"post","link":"http:\/\/informateesquina.com\/?p=29556","title":{"rendered":"Virgen de Itat\u00ed: Cronograma de actividades para este 16 de julio"},"content":{"rendered":"<p>Se celebra el 16 de julio el 118\u00ba aniversario de Coronaci\u00f3n Pontificia de Nuestra Se\u00f1ora de Itat\u00ed. En la Bas\u00edlica, se ha elegido como lema para este tiempo especial de celebraciones: \u201cComo Mar\u00eda de Itat\u00ed, santos de la puerta de al lado\u201d.<\/p>\n<p>El martes 16, aniversario de la Coronaci\u00f3n Pontificia de Mar\u00eda de Itat\u00ed, durante el saludo a la virgen a la medianoche, monse\u00f1or Andr\u00e9s Stanovnik dar\u00e1 un breve mensaje y la bendici\u00f3n a los peregrinos presentes.<\/p>\n<p>Habr\u00e1 Misas a las 6 y a las 7, y a las 8, presidir\u00e1 la eucarist\u00eda el padre Epifanio Barrios, p\u00e1rroco de San Luis Rey de Francia; a las 9, concelebrar\u00e1n los p\u00e1rrocos de Ber\u00f3n de Astrada e It\u00e1 Ibat\u00e9, Guillermo Gonz\u00e1lez y V\u00edctor Aranda.<\/p>\n<p>&nbsp;<\/p>\n<p>A las 10.30, se iniciar\u00e1 la procesi\u00f3n n\u00e1utica que tendr\u00e1 como corolario el encuentro de la imagen de la Virgen de Itat\u00ed con la de Nuestra Se\u00f1ora de Ca\u00e1 Cup\u00e9, tra\u00edda desde el hermano pa\u00eds de Paraguay, como todos los a\u00f1os.<\/p>\n<p>&nbsp;<\/p>\n<p>A partir de las 12, se dar\u00e1 la bienvenida a las autoridades civiles y se har\u00e1 una breve procesi\u00f3n con la imagen de la Virgen y la de los santos patronos de las distintas comunidades. A las 12.30, monse\u00f1or Stanovnik presidir\u00e1 la Misa central.<\/p>\n<p><a class=\"fotos-desarrollo unlink\" title=\"Itat\u00ed: Todo listo para los festejos de la Virgen Patrona \" href=\"http:\/\/www.radiosudamericana.com\/notix\/multimedia\/imagenes\/fotos\/2019-07-15\/475823.jpg\"><img decoding=\"async\" class=\"img-responsive\" src=\"http:\/\/www.radiosudamericana.com\/notix\/multimedia\/imagenes\/fotos\/2019-07-15\/475823.jpg\" \/><\/a><\/p>\n<p>A las 15,30, se celebrar\u00e1n Bautismos. El p\u00e1rroco de San Antonio de Mburucy\u00e1, Lucas Alderete, presidir\u00e1 la eucarist\u00eda. A las 18.30, se rezar\u00e1 el Santo Rosario y a las 19, se oficiar\u00e1 la Misa de cierre de las fiestas patronales presidida por el padre Gustavo Aime fdp, Superior Provincial de la Obra Don Orione. Habr\u00e1 una procesi\u00f3n de antorchas a las 20.<\/p>\n","protected":false},"excerpt":{"rendered":"<p>Se celebra el 16 de julio el 118\u00ba aniversario de Coronaci\u00f3n Pontificia de Nuestra Se\u00f1ora de Itat\u00ed. En la Bas\u00edlica, se ha elegido como lema para este tiempo especial de celebraciones: \u201cComo Mar\u00eda de Itat\u00ed, santos de la puerta de al lado\u201d. El martes 16, aniversario de la Coronaci\u00f3n Pontificia de Mar\u00eda de Itat\u00ed, durante [&hellip;]<\/p>\n","protected":false},"author":1,"featured_media":29557,"comment_status":"closed","ping_status":"closed","sticky":false,"template":"","format":"standard","meta":{"footnotes":""},"categories":[10,11],"tags":[],"class_list":["post-29556","post","type-post","status-publish","format-standard","has-post-thumbnail","hentry","category-provinciales","category-sociedad"],"_links":{"self":[{"href":"http:\/\/informateesquina.com\/index.php?rest_route=\/wp\/v2\/posts\/29556","targetHints":{"allow":["GET"]}}],"collection":[{"href":"http:\/\/informateesquina.com\/index.php?rest_route=\/wp\/v2\/posts"}],"about":[{"href":"http:\/\/informateesquina.com\/index.php?rest_route=\/wp\/v2\/types\/post"}],"author":[{"embeddable":true,"href":"http:\/\/informateesquina.com\/index.php?rest_route=\/wp\/v2\/users\/1"}],"replies":[{"embeddable":true,"href":"http:\/\/informateesquina.com\/index.php?rest_route=%2Fwp%2Fv2%2Fcomments&post=29556"}],"version-history":[{"count":0,"href":"http:\/\/informateesquina.com\/index.php?rest_route=\/wp\/v2\/posts\/29556\/revisions"}],"wp:featuredmedia":[{"embeddable":true,"href":"http:\/\/informateesquina.com\/index.php?rest_route=\/"}],"wp:attachment":[{"href":"http:\/\/informateesquina.com\/index.php?rest_route=%2Fwp%2Fv2%2Fmedia&parent=29556"}],"wp:term":[{"taxonomy":"category","embeddable":true,"href":"http:\/\/informateesquina.com\/index.php?rest_route=%2Fwp%2Fv2%2Fcategories&post=29556"},{"taxonomy":"post_tag","embeddable":true,"href":"http:\/\/informateesquina.com\/index.php?rest_route=%2Fwp%2Fv2%2Ftags&post=29556"}],"curies":[{"name":"wp","href":"https:\/\/api.w.org\/{rel}","templated":true}]}}