{"id":29566,"date":"2019-07-15T21:31:54","date_gmt":"2019-07-16T00:31:54","guid":{"rendered":"https:\/\/informateesquina.com\/?p=29566"},"modified":"2019-07-15T21:31:54","modified_gmt":"2019-07-16T00:31:54","slug":"el-martes-sera-asueto-administrativo-para-los-trabajadores-municipales","status":"publish","type":"post","link":"http:\/\/informateesquina.com\/?p=29566","title":{"rendered":"El martes ser\u00e1 asueto administrativo para los trabajadores municipales"},"content":{"rendered":"<p>ESTE MARTES 16 DE JULIO HABR\u00c1 ASUETO ADMINISTRATIVO EN EL MUNICIPIO EN CONMEMORACI\u00d3N DE LA CORONACI\u00d3N PONTIFICIA DE LA VIRGEN DE ITAT\u00cd.<\/p>\n<p>A trav\u00e9s de la resoluci\u00f3n Nro. 209 \/86 el ejecutivo municipal de Esquina decidi\u00f3 adherirse al decreto provincial Nro. 2580\/86 disponiendo en esta fecha asueto administrativo debido a la conmemoraci\u00f3n de la coronaci\u00f3n de la Virgen de Itat\u00ed, Patrona de Corrientes.<\/p>\n<p><img loading=\"lazy\" decoding=\"async\" class=\"alignnone size-medium wp-image-29567\" src=\"https:\/\/informateesquina.com\/wp-content\/uploads\/2019\/07\/cef735a4-7355-489a-97ba-b3a37d829a8e-217x300.jpg\" alt=\"\" width=\"217\" height=\"300\" \/><\/p>\n","protected":false},"excerpt":{"rendered":"<p>ESTE MARTES 16 DE JULIO HABR\u00c1 ASUETO ADMINISTRATIVO EN EL MUNICIPIO EN CONMEMORACI\u00d3N DE LA CORONACI\u00d3N PONTIFICIA DE LA VIRGEN DE ITAT\u00cd. A trav\u00e9s de la resoluci\u00f3n Nro. 209 \/86 el ejecutivo municipal de Esquina decidi\u00f3 adherirse al decreto provincial Nro. 2580\/86 disponiendo en esta fecha asueto administrativo debido a la conmemoraci\u00f3n de la coronaci\u00f3n [&hellip;]<\/p>\n","protected":false},"author":1,"featured_media":29568,"comment_status":"closed","ping_status":"closed","sticky":false,"template":"","format":"standard","meta":{"footnotes":""},"categories":[6],"tags":[136],"class_list":["post-29566","post","type-post","status-publish","format-standard","has-post-thumbnail","hentry","category-locales","tag-destacados"],"_links":{"self":[{"href":"http:\/\/informateesquina.com\/index.php?rest_route=\/wp\/v2\/posts\/29566","targetHints":{"allow":["GET"]}}],"collection":[{"href":"http:\/\/informateesquina.com\/index.php?rest_route=\/wp\/v2\/posts"}],"about":[{"href":"http:\/\/informateesquina.com\/index.php?rest_route=\/wp\/v2\/types\/post"}],"author":[{"embeddable":true,"href":"http:\/\/informateesquina.com\/index.php?rest_route=\/wp\/v2\/users\/1"}],"replies":[{"embeddable":true,"href":"http:\/\/informateesquina.com\/index.php?rest_route=%2Fwp%2Fv2%2Fcomments&post=29566"}],"version-history":[{"count":0,"href":"http:\/\/informateesquina.com\/index.php?rest_route=\/wp\/v2\/posts\/29566\/revisions"}],"wp:featuredmedia":[{"embeddable":true,"href":"http:\/\/informateesquina.com\/index.php?rest_route=\/"}],"wp:attachment":[{"href":"http:\/\/informateesquina.com\/index.php?rest_route=%2Fwp%2Fv2%2Fmedia&parent=29566"}],"wp:term":[{"taxonomy":"category","embeddable":true,"href":"http:\/\/informateesquina.com\/index.php?rest_route=%2Fwp%2Fv2%2Fcategories&post=29566"},{"taxonomy":"post_tag","embeddable":true,"href":"http:\/\/informateesquina.com\/index.php?rest_route=%2Fwp%2Fv2%2Ftags&post=29566"}],"curies":[{"name":"wp","href":"https:\/\/api.w.org\/{rel}","templated":true}]}}