{"id":29570,"date":"2019-07-15T21:35:44","date_gmt":"2019-07-16T00:35:44","guid":{"rendered":"https:\/\/informateesquina.com\/?p=29570"},"modified":"2019-07-15T21:35:44","modified_gmt":"2019-07-16T00:35:44","slug":"atencion-el-aguinaldo-dorado-estaria-habilitado-esta-semana","status":"publish","type":"post","link":"http:\/\/informateesquina.com\/?p=29570","title":{"rendered":"Atenci\u00f3n: el Aguinaldo Dorado estar\u00eda habilitado esta semana"},"content":{"rendered":"<p class=\"copete\">Si bien no hay confirmaci\u00f3n oficial al respecto, Radio Sudamericana pudo conocer que el tan esperado &#8220;Aguinaldo Dorado&#8221; ya estar\u00eda habilitado esta semana. A\u00fan no hay fecha cierta, pero ya se indica que en el transcurso de la semana ya podr\u00eda estar depositado.<\/p>\n<p>FUENTE: RADIO SUDAMERICANA<\/p>\n","protected":false},"excerpt":{"rendered":"<p>Si bien no hay confirmaci\u00f3n oficial al respecto, Radio Sudamericana pudo conocer que el tan esperado &#8220;Aguinaldo Dorado&#8221; ya estar\u00eda habilitado esta semana. A\u00fan no hay fecha cierta, pero ya se indica que en el transcurso de la semana ya podr\u00eda estar depositado. FUENTE: RADIO SUDAMERICANA<\/p>\n","protected":false},"author":1,"featured_media":29571,"comment_status":"closed","ping_status":"closed","sticky":false,"template":"","format":"standard","meta":{"footnotes":""},"categories":[10],"tags":[],"class_list":["post-29570","post","type-post","status-publish","format-standard","has-post-thumbnail","hentry","category-provinciales"],"_links":{"self":[{"href":"http:\/\/informateesquina.com\/index.php?rest_route=\/wp\/v2\/posts\/29570","targetHints":{"allow":["GET"]}}],"collection":[{"href":"http:\/\/informateesquina.com\/index.php?rest_route=\/wp\/v2\/posts"}],"about":[{"href":"http:\/\/informateesquina.com\/index.php?rest_route=\/wp\/v2\/types\/post"}],"author":[{"embeddable":true,"href":"http:\/\/informateesquina.com\/index.php?rest_route=\/wp\/v2\/users\/1"}],"replies":[{"embeddable":true,"href":"http:\/\/informateesquina.com\/index.php?rest_route=%2Fwp%2Fv2%2Fcomments&post=29570"}],"version-history":[{"count":0,"href":"http:\/\/informateesquina.com\/index.php?rest_route=\/wp\/v2\/posts\/29570\/revisions"}],"wp:featuredmedia":[{"embeddable":true,"href":"http:\/\/informateesquina.com\/index.php?rest_route=\/"}],"wp:attachment":[{"href":"http:\/\/informateesquina.com\/index.php?rest_route=%2Fwp%2Fv2%2Fmedia&parent=29570"}],"wp:term":[{"taxonomy":"category","embeddable":true,"href":"http:\/\/informateesquina.com\/index.php?rest_route=%2Fwp%2Fv2%2Fcategories&post=29570"},{"taxonomy":"post_tag","embeddable":true,"href":"http:\/\/informateesquina.com\/index.php?rest_route=%2Fwp%2Fv2%2Ftags&post=29570"}],"curies":[{"name":"wp","href":"https:\/\/api.w.org\/{rel}","templated":true}]}}