{"id":29574,"date":"2019-07-15T22:47:30","date_gmt":"2019-07-16T01:47:30","guid":{"rendered":"https:\/\/informateesquina.com\/?p=29574"},"modified":"2019-07-15T22:47:30","modified_gmt":"2019-07-16T01:47:30","slug":"dos-montanistas-argentinos-murieron-mientras-escalaban-el-nevado-caraz-de-peru","status":"publish","type":"post","link":"http:\/\/informateesquina.com\/?p=29574","title":{"rendered":"Dos monta\u00f1istas argentinos murieron mientras escalaban el nevado Caraz de Per\u00fa"},"content":{"rendered":"<div class=\"detail-body \">\n<div class=\"preview\">\n<h6 style=\"text-align: center;\"><em>Ian Schwer y Juan Pablo Cano perdieron la vida mientras escalaban una pared de hielo de este nevado de la Cordillera Blanca, en la regi\u00f3n norte\u00f1a de \u00c1ncash.<\/em><\/h6>\n<\/div>\n<\/div>\n<div class=\"detail-body\">\n<article id=\"note-body\" class=\"note-body first\" data-twitter-link=\"https:\/\/twitter.com\/intent\/tweet?url=https:\/\/www.minutouno.com\/c5042793&amp;v\u00eda=minutounocom&amp;related=MinutoUno&amp;text=\">\n<div class=\"row\">\n<div class=\"inside-note col-xs-12\">\n<p>Dos monta\u00f1istas argentinos murieron mientras escalaban el nevado Caraz, de\u00a0<strong>6.025 metros de altura en los Andes de Per\u00fa<\/strong>, y sus cuerpos fueron recuperados, inform\u00f3 el lunes la polic\u00eda.<\/p>\n<\/div>\n<\/div>\n<\/article>\n<\/div>\n<div class=\"clearfix\"><\/div>\n<div class=\"detail-body \">\n<article id=\"note-body\" class=\"note-body\" data-twitter-link=\"https:\/\/twitter.com\/intent\/tweet?url=https:\/\/www.minutouno.com\/c5042793&amp;v\u00eda=minutounocom&amp;related=MinutoUno&amp;text=\">\n<div class=\"row\">\n<div class=\"inside-note col-xs-12\">\n<p>Ian Schwer y Juan Pablo Cano perdieron la vida mientras escalaban una pared de hielo de este nevado de la Cordillera Blanca, en la regi\u00f3n norte\u00f1a de \u00c1ncash.<\/p>\n<p>&#8220;Hemos logrado rescatar los cad\u00e1veres de los dos monta\u00f1istas argentinos que fallecieron cuando intentaban escalar el nevado Caraz&#8221;, dijo a la AFP el mayor Gilmer Torres, de la polic\u00eda de Alta Monta\u00f1a de la ciudad de Huaraz.<\/p>\n<div id=\"7358723-Libre-1988513976_wrap\" class=\"embed_cont type_imagen no-copyright\">\n<div id=\"7358723-Libre-1988513976_content\" class=\"embed_content\"><img decoding=\"async\" id=\"7358723-Libre-1988513976_embed\" src=\"https:\/\/media.minutouno.com\/adjuntos\/150\/imagenes\/036\/811\/0036811562.jpg?0000-00-00-00-00-00\" alt=\"Gentileza El Comercio.\" \/><\/div>\n<div id=\"7358723-Libre-1988513976_epigrafe\" class=\"embed_epigrafe\">Gentileza El Comercio.<\/div>\n<\/div>\n<p><strong>&#8220;Los extranjeros fallecieron cuando intentaban escalar una pared de hielo del nevado, cedi\u00f3 uno de sus anclajes y cayeron al suelo&#8221;<\/strong>, agreg\u00f3 Torres.<\/p>\n<p>Los cuerpos fueron rescatados el domingo y trasladados a la morgue de la ciudad de Huaraz, cabecera de la regi\u00f3n, 400 km al norte de Lima.<\/p>\n<p>El presidente de la Casa de Gu\u00edas de Alta Monta\u00f1a de Huaraz, Rafael Figueroa, dijo que los monta\u00f1istas argentinos hab\u00edan sido reportados como desaparecidos el viernes, d\u00eda en que deb\u00edan retornar de su expedici\u00f3n pero no lo hicieron.<\/p>\n<p>&#8220;Esta es una monta\u00f1a bastante t\u00e9cnica, es decir, que requiere de mucha preparaci\u00f3n para poder escalarla, no solo por la altura sino tambi\u00e9n por las condiciones clim\u00e1ticas&#8221;, explic\u00f3 Figueroa.<\/p>\n<p>Con este doble deceso, son 12 los monta\u00f1istas muertos en los glaciares de \u00c1ncash en los \u00faltimos dos a\u00f1os.<\/p>\n<p>En enero, una avalancha de nieve sepulto a tres espa\u00f1oles y un gu\u00eda peruano en el nevado Mateo (5.150 m) de la Cordillera Blanca.<\/p>\n<p>La Comisi\u00f3n Auxilio del Club Andino Bariloche inform\u00f3 que junto a la gobernaci\u00f3n y Canciller\u00eda Argentina trabajan para poder traer a Bariloche los restos del joven y ayudar a la familia con los gastos generados por esta situaci\u00f3n.<\/p>\n<\/div>\n<\/div>\n<\/article>\n<\/div>\n<p>&nbsp;<\/p>\n","protected":false},"excerpt":{"rendered":"<p>Ian Schwer y Juan Pablo Cano perdieron la vida mientras escalaban una pared de hielo de este nevado de la Cordillera Blanca, en la regi\u00f3n norte\u00f1a de \u00c1ncash. Dos monta\u00f1istas argentinos murieron mientras escalaban el nevado Caraz, de\u00a06.025 metros de altura en los Andes de Per\u00fa, y sus cuerpos fueron recuperados, inform\u00f3 el lunes la [&hellip;]<\/p>\n","protected":false},"author":1,"featured_media":29575,"comment_status":"closed","ping_status":"closed","sticky":false,"template":"","format":"standard","meta":{"footnotes":""},"categories":[7],"tags":[],"class_list":["post-29574","post","type-post","status-publish","format-standard","has-post-thumbnail","hentry","category-nacionales"],"_links":{"self":[{"href":"http:\/\/informateesquina.com\/index.php?rest_route=\/wp\/v2\/posts\/29574","targetHints":{"allow":["GET"]}}],"collection":[{"href":"http:\/\/informateesquina.com\/index.php?rest_route=\/wp\/v2\/posts"}],"about":[{"href":"http:\/\/informateesquina.com\/index.php?rest_route=\/wp\/v2\/types\/post"}],"author":[{"embeddable":true,"href":"http:\/\/informateesquina.com\/index.php?rest_route=\/wp\/v2\/users\/1"}],"replies":[{"embeddable":true,"href":"http:\/\/informateesquina.com\/index.php?rest_route=%2Fwp%2Fv2%2Fcomments&post=29574"}],"version-history":[{"count":0,"href":"http:\/\/informateesquina.com\/index.php?rest_route=\/wp\/v2\/posts\/29574\/revisions"}],"wp:featuredmedia":[{"embeddable":true,"href":"http:\/\/informateesquina.com\/index.php?rest_route=\/"}],"wp:attachment":[{"href":"http:\/\/informateesquina.com\/index.php?rest_route=%2Fwp%2Fv2%2Fmedia&parent=29574"}],"wp:term":[{"taxonomy":"category","embeddable":true,"href":"http:\/\/informateesquina.com\/index.php?rest_route=%2Fwp%2Fv2%2Fcategories&post=29574"},{"taxonomy":"post_tag","embeddable":true,"href":"http:\/\/informateesquina.com\/index.php?rest_route=%2Fwp%2Fv2%2Ftags&post=29574"}],"curies":[{"name":"wp","href":"https:\/\/api.w.org\/{rel}","templated":true}]}}