{"id":29577,"date":"2019-07-15T22:49:09","date_gmt":"2019-07-16T01:49:09","guid":{"rendered":"https:\/\/informateesquina.com\/?p=29577"},"modified":"2019-07-15T22:49:09","modified_gmt":"2019-07-16T01:49:09","slug":"los-hijos-de-la-coca-sarli-enfrentados-por-la-herencia","status":"publish","type":"post","link":"http:\/\/informateesquina.com\/?p=29577","title":{"rendered":"Los hijos de la Coca Sarli, enfrentados por la herencia"},"content":{"rendered":"<div class=\"detail-body \">\n<div class=\"preview\">\n<h5 style=\"text-align: center;\"><em>Mart\u00edn public\u00f3 una serie de audios en los que traza dudas<\/em><\/h5>\n<h5 style=\"text-align: center;\"><em> sobre el accionar de su hermana, Isabelita.<\/em><\/h5>\n<\/div>\n<\/div>\n<div class=\"detail-body\">\n<article id=\"note-body\" class=\"note-body first\" data-twitter-link=\"https:\/\/twitter.com\/intent\/tweet?url=https:\/\/www.minutouno.com\/c5042797&amp;v\u00eda=minutounocom&amp;related=MinutoUno&amp;text=\">\n<div class=\"row\">\n<div class=\"inside-note col-xs-12\">\n<p>A pocas semanas de la muerte\u00a0<strong>Isabel \u201cCoca\u201d Sarli,\u00a0<\/strong>sus dos hijos,\u00a0<strong>Mart\u00edn\u00a0<\/strong>e\u00a0<strong>Isabelita,\u00a0<\/strong>se encuentran enfrentados por la\u00a0<strong>herencia<\/strong>\u00a0de la diva.<\/p>\n<p>En una serie de audios, \u00e9l revel\u00f3 que\u00a0<strong>duda que el dinero se haya repartido de la manera correspondiente<\/strong>\u00a0pese a haberse le\u00eddo el documento que expresa la \u00faltima voluntad de su mam\u00e1.<\/p>\n<p>&#8220;Yo no estoy peleado ni enemistado con mi hermana, pero\u00a0<strong>me bloque\u00f3 en el celular y no me contesta los llamados<\/strong>, no me puedo comunicar con ella&#8221;, dice en un audio puesto al aire por el canal\u00a0<em>Am\u00e9rica<\/em>.<\/p>\n<p>&#8220;Tiempo atr\u00e1s\u00a0<strong>hemos hablado mucho sobre lo que pasar\u00eda cuando llegue este momento, muchas cosas que hablamos con mi madre, y parece que ella se olvid\u00f3 completamente<\/strong>\u00a0de lo hablado, pero bueno, creo que el tiempo acomodar\u00e1 las cosas&#8221;, agrega.<\/p>\n<p>Las dudas de Mart\u00edn comenzaron cuando le hicieron hablar con el abogado de su hermana y la\u00a0<strong>mala reacci\u00f3n que el letrado tuvo cuando decidi\u00f3 poner su propio representante para tratar el tema de la casa de su mam\u00e1<\/strong>. Tambi\u00e9n desminti\u00f3 tener problemas de ludopat\u00eda.<\/p>\n<p>Sarli muri\u00f3 el 25 de junio, a los 89 a\u00f1os y tras estar internada desde principios del mes pasado en el Hospital de San Isidro, luego de sufrir complicaciones por una fractura de cadera que tuvo en marzo y un cuadro de infecci\u00f3n urinaria.<\/p>\n<\/div>\n<\/div>\n<\/article>\n<\/div>\n","protected":false},"excerpt":{"rendered":"<p>Mart\u00edn public\u00f3 una serie de audios en los que traza dudas sobre el accionar de su hermana, Isabelita. A pocas semanas de la muerte\u00a0Isabel \u201cCoca\u201d Sarli,\u00a0sus dos hijos,\u00a0Mart\u00edn\u00a0e\u00a0Isabelita,\u00a0se encuentran enfrentados por la\u00a0herencia\u00a0de la diva. En una serie de audios, \u00e9l revel\u00f3 que\u00a0duda que el dinero se haya repartido de la manera correspondiente\u00a0pese a haberse le\u00eddo [&hellip;]<\/p>\n","protected":false},"author":1,"featured_media":29578,"comment_status":"closed","ping_status":"closed","sticky":false,"template":"","format":"standard","meta":{"footnotes":""},"categories":[4],"tags":[],"class_list":["post-29577","post","type-post","status-publish","format-standard","has-post-thumbnail","hentry","category-espectaculos"],"_links":{"self":[{"href":"http:\/\/informateesquina.com\/index.php?rest_route=\/wp\/v2\/posts\/29577","targetHints":{"allow":["GET"]}}],"collection":[{"href":"http:\/\/informateesquina.com\/index.php?rest_route=\/wp\/v2\/posts"}],"about":[{"href":"http:\/\/informateesquina.com\/index.php?rest_route=\/wp\/v2\/types\/post"}],"author":[{"embeddable":true,"href":"http:\/\/informateesquina.com\/index.php?rest_route=\/wp\/v2\/users\/1"}],"replies":[{"embeddable":true,"href":"http:\/\/informateesquina.com\/index.php?rest_route=%2Fwp%2Fv2%2Fcomments&post=29577"}],"version-history":[{"count":0,"href":"http:\/\/informateesquina.com\/index.php?rest_route=\/wp\/v2\/posts\/29577\/revisions"}],"wp:featuredmedia":[{"embeddable":true,"href":"http:\/\/informateesquina.com\/index.php?rest_route=\/"}],"wp:attachment":[{"href":"http:\/\/informateesquina.com\/index.php?rest_route=%2Fwp%2Fv2%2Fmedia&parent=29577"}],"wp:term":[{"taxonomy":"category","embeddable":true,"href":"http:\/\/informateesquina.com\/index.php?rest_route=%2Fwp%2Fv2%2Fcategories&post=29577"},{"taxonomy":"post_tag","embeddable":true,"href":"http:\/\/informateesquina.com\/index.php?rest_route=%2Fwp%2Fv2%2Ftags&post=29577"}],"curies":[{"name":"wp","href":"https:\/\/api.w.org\/{rel}","templated":true}]}}