{"id":29583,"date":"2019-07-15T22:54:49","date_gmt":"2019-07-16T01:54:49","guid":{"rendered":"https:\/\/informateesquina.com\/?p=29583"},"modified":"2019-07-15T22:54:49","modified_gmt":"2019-07-16T01:54:49","slug":"un-preso-se-escapo-esposado-de-un-patrullero-porque-los-policias-se-durmieron","status":"publish","type":"post","link":"http:\/\/informateesquina.com\/?p=29583","title":{"rendered":"Un preso se escap\u00f3 esposado de un patrullero porque los polic\u00edas se durmieron"},"content":{"rendered":"<div style=\"width: 678px;\" class=\"wp-video\"><video class=\"wp-video-shortcode\" id=\"video-29583-1\" width=\"678\" height=\"382\" preload=\"metadata\" controls=\"controls\"><source type=\"video\/mp4\" src=\"https:\/\/informateesquina.com\/wp-content\/uploads\/2019\/07\/Ins\u00f3lito-un-preso-se-escap\u00f3-esposado-de-un-patrullero-por-los-polic\u00edas-se-durmieron-polic\u00eda-preso-escape.mp4?_=1\" \/><a href=\"https:\/\/informateesquina.com\/wp-content\/uploads\/2019\/07\/Ins\u00f3lito-un-preso-se-escap\u00f3-esposado-de-un-patrullero-por-los-polic\u00edas-se-durmieron-polic\u00eda-preso-escape.mp4\">https:\/\/informateesquina.com\/wp-content\/uploads\/2019\/07\/Ins\u00f3lito-un-preso-se-escap\u00f3-esposado-de-un-patrullero-por-los-polic\u00edas-se-durmieron-polic\u00eda-preso-escape.mp4<\/a><\/video><\/div>\n<h6 class=\"excerpt\" style=\"text-align: center;\"><em>Se trata de un preso de 18 a\u00f1os que deb\u00eda ser trasladado desde una comisar\u00eda de<\/em><\/h6>\n<h6 class=\"excerpt\" style=\"text-align: center;\"><em> Ramos Mej\u00eda hacia el Penal de Sierra Chica. Los polic\u00edas bonaerenses a cargos <\/em><\/h6>\n<h6 class=\"excerpt\" style=\"text-align: center;\"><em>del recluso dijeron que se hab\u00edan quedado dormidos.<\/em><\/h6>\n<section class=\"detail-body\">\n<section id=\"note-body\" class=\"body-content note-body content-protected-false\" data-twitter-link=\"https:\/\/twitter.com\/intent\/tweet?url=https:\/\/www.ambito.com\/c5042838&amp;v\u00eda=Ambitocom&amp;related=\u00e1mbito.com&amp;text=\"><span id=\"saysCMSEmphasiszgzwkc9ch67\" class=\"saysCMSEmphasis\">Un\u00a0preso\u00a0de 18 a\u00f1os que deb\u00eda ser trasladado desde una comisar\u00eda de Ramos Mej\u00eda hacia el Penal de Sierra Chica se escap\u00f3 esposado del patrullero en el que era llevado y los polic\u00edas bonaerenses a cargos del recluso dijeron que se hab\u00edan quedado dormidos.<\/span><\/section>\n<\/section>\n<div class=\"banner-wrapper free-banner\"><\/div>\n<section class=\"detail-body\">\n<section class=\"body-content note-body content-protected-false\">Fuentes policiales informaron que el pr\u00f3fugo en cuesti\u00f3n fue identificado como\u00a0<strong>Franco Antonio Alderete<\/strong>, oriundo de Ciudad Evita y condenado por el delito de robo a mano armada.Luego de haber sido retirado por dos polic\u00edas de la dependencia de Ramos Mej\u00eda, el m\u00f3vil en el que Alderete era trasladado hizo una escala programada en los tribunales de Lomas de Zamora en el Camino Negro.<\/p>\n<p>All\u00ed, un descuido policial le permiti\u00f3 escapar y su huida fue captada por unas c\u00e1maras de seguridad.<\/p>\n<p>En un video, se lo ve salir al preso de la camioneta policial y escapar con las esposas puestas.<\/p>\n<p>El apresado ten\u00eda una causa por\u00a0<strong>&#8220;robo agravado por el uso de arma de fuego y tenencia ilegal de uso civil&#8221;.<\/strong><\/p>\n<p>Seg\u00fan se desprende de las im\u00e1genes, los efectivos bonaerenses hab\u00edan dejado al preso solo en el interior del veh\u00edculo y a las 4:37 Alderete logr\u00f3 salir por la puerta de atr\u00e1s, sin que la custodia advirtiera el movimiento.<\/p>\n<p>Lo que la Justicia buscaba determinar es si el detenido forz\u00f3 el mecanismo, si se trat\u00f3 de un descuido de los polic\u00edas o si recibi\u00f3 ayuda de los uniformados para darse a la fuga.<\/p>\n<p>Efectivos de distintas seccionales de Lomas de Zamora buscaban al pr\u00f3fugo mediante un importante operativo rastrillaje.<\/p>\n<p>En tanto, la Auditor\u00eda General de Asuntos Internos del Ministerio de Seguridad bonaerense orden\u00f3 desplazar a ambos polic\u00edas y se levant\u00f3 un sumario interno.<\/p>\n<\/section>\n<\/section>\n","protected":false},"excerpt":{"rendered":"<p>Se trata de un preso de 18 a\u00f1os que deb\u00eda ser trasladado desde una comisar\u00eda de Ramos Mej\u00eda hacia el Penal de Sierra Chica. Los polic\u00edas bonaerenses a cargos del recluso dijeron que se hab\u00edan quedado dormidos. Un\u00a0preso\u00a0de 18 a\u00f1os que deb\u00eda ser trasladado desde una comisar\u00eda de Ramos Mej\u00eda hacia el Penal de Sierra [&hellip;]<\/p>\n","protected":false},"author":1,"featured_media":29584,"comment_status":"closed","ping_status":"closed","sticky":false,"template":"","format":"video","meta":{"footnotes":""},"categories":[8],"tags":[],"class_list":["post-29583","post","type-post","status-publish","format-video","has-post-thumbnail","hentry","category-policiales","post_format-post-format-video"],"_links":{"self":[{"href":"http:\/\/informateesquina.com\/index.php?rest_route=\/wp\/v2\/posts\/29583","targetHints":{"allow":["GET"]}}],"collection":[{"href":"http:\/\/informateesquina.com\/index.php?rest_route=\/wp\/v2\/posts"}],"about":[{"href":"http:\/\/informateesquina.com\/index.php?rest_route=\/wp\/v2\/types\/post"}],"author":[{"embeddable":true,"href":"http:\/\/informateesquina.com\/index.php?rest_route=\/wp\/v2\/users\/1"}],"replies":[{"embeddable":true,"href":"http:\/\/informateesquina.com\/index.php?rest_route=%2Fwp%2Fv2%2Fcomments&post=29583"}],"version-history":[{"count":0,"href":"http:\/\/informateesquina.com\/index.php?rest_route=\/wp\/v2\/posts\/29583\/revisions"}],"wp:featuredmedia":[{"embeddable":true,"href":"http:\/\/informateesquina.com\/index.php?rest_route=\/"}],"wp:attachment":[{"href":"http:\/\/informateesquina.com\/index.php?rest_route=%2Fwp%2Fv2%2Fmedia&parent=29583"}],"wp:term":[{"taxonomy":"category","embeddable":true,"href":"http:\/\/informateesquina.com\/index.php?rest_route=%2Fwp%2Fv2%2Fcategories&post=29583"},{"taxonomy":"post_tag","embeddable":true,"href":"http:\/\/informateesquina.com\/index.php?rest_route=%2Fwp%2Fv2%2Ftags&post=29583"}],"curies":[{"name":"wp","href":"https:\/\/api.w.org\/{rel}","templated":true}]}}