{"id":29589,"date":"2019-07-15T23:04:41","date_gmt":"2019-07-16T02:04:41","guid":{"rendered":"https:\/\/informateesquina.com\/?p=29589"},"modified":"2019-07-15T23:04:41","modified_gmt":"2019-07-16T02:04:41","slug":"mas-de-70-mil-inscriptos-en-nueva-convocatoria-para-creditos-procrear","status":"publish","type":"post","link":"http:\/\/informateesquina.com\/?p=29589","title":{"rendered":"M\u00e1s de 70 mil inscriptos en nueva convocatoria para cr\u00e9ditos Procrear"},"content":{"rendered":"<h6 class=\"excerpt\" style=\"text-align: center;\"><em>El programa aporte un subsidio del Estado de $694 mil. A mediados <\/em><\/h6>\n<h6 class=\"excerpt\" style=\"text-align: center;\"><em>de agosto se conocer\u00e1 a los seleccionados. Continua abierta adhesi\u00f3n a<\/em><\/h6>\n<h6 class=\"excerpt\" style=\"text-align: center;\"><em> programa para obtener beneficios para refacciones o ampliaciones.<\/em><\/h6>\n<section class=\"detail-body\">\n<section id=\"note-body\" class=\"body-content note-body content-protected-false\" data-twitter-link=\"https:\/\/twitter.com\/intent\/tweet?url=https:\/\/www.ambito.com\/c5042788&amp;v\u00eda=Ambitocom&amp;related=\u00e1mbito.com&amp;text=\"><strong>M\u00e1s de 70.000 personas se inscribieron a la nueva convocatoria del programa\u00a0Procrear<\/strong>para la compra de viviendas que impulsa el Ministerio del Interior.\u00a0<strong>Los seleccionados para la nueva l\u00ednea de cr\u00e9ditos se conocer\u00e1n a mediados de agosto<\/strong>.<\/p>\n<\/section>\n<\/section>\n<div class=\"banner-wrapper free-banner\"><\/div>\n<section class=\"detail-body\">\n<section class=\"body-content note-body content-protected-false\">El programa\u00a0<strong>est\u00e1 destinado a familias de todo el pa\u00eds<\/strong>\u00a0para que puedan acceder a la compra de su vivienda, nueva o usada bajo un esquema de ahorro m\u00e1s subsidio y cr\u00e9dito.<\/p>\n<p>El ahorro corresponde al aporte de los beneficiarios, mientras que el cr\u00e9dito hipotecario es otorgado por alguno de los bancos participantes. Por su parte,\u00a0<strong>el Estado aporta un subsidio no reembolsable de hasta 18.000 UVAs, lo que equivale a $694 mil<\/strong>.<\/p>\n<p>El nuevo Procrear Compra dispone de la cobertura de cuota que compensar\u00e1 a aquellas familias cuando el \u00edndice UVA aumente por encima de un 10% del \u00edndice de variaci\u00f3n de salarios (CVS), reintegrando el monto que supere ese 10%.<\/p>\n<p>&#8220;Despu\u00e9s de muchos a\u00f1os, en los que pr\u00e1cticamente estaba desaparecido, logramos afianzar el cr\u00e9dito hipotecario para que muchas familias argentinas puedan acceder a la vivienda propia. Se trata de un proceso simple y transparente, que le da la misma oportunidad a todos los que se inscriben y cumplen con los requisitos del programa&#8221;, destac\u00f3 el ministro Rogelio Frigerio en el comunicado difundido.<\/p>\n<p>&#8220;Confiamos y seguimos creyendo en el sistema UVA y queremos que los tomadores de estos cr\u00e9ditos est\u00e9n convencidos de la gran oportunidad que representa para ellos y sus familias, porque son due\u00f1os de su casa, est\u00e1n pagando por lo propio, porque el Estado Nacional est\u00e1 pensando en ellos, acompa\u00f1\u00e1ndolos en el esfuerzo por alcanzar el sue\u00f1o de la casa propia&#8221;, sostuvo por su parte Ivan Kerr, Secretario de Vivienda.<\/p>\n<p>Por su parte, desde Interior indicaron que la\u00a0<strong>inscripci\u00f3n al Programa Mejor Hogar Materiales contin\u00faa abierta hasta el 28 de julio<\/strong>\u00a0y que por el momento a se anotaron 82.703 personas. Se trata de un programa que permite acceder a un descuento del 50% para hacer refacciones o ampliaciones en su casa.<\/p>\n<\/section>\n<\/section>\n","protected":false},"excerpt":{"rendered":"<p>El programa aporte un subsidio del Estado de $694 mil. A mediados de agosto se conocer\u00e1 a los seleccionados. Continua abierta adhesi\u00f3n a programa para obtener beneficios para refacciones o ampliaciones. M\u00e1s de 70.000 personas se inscribieron a la nueva convocatoria del programa\u00a0Procrearpara la compra de viviendas que impulsa el Ministerio del Interior.\u00a0Los seleccionados para [&hellip;]<\/p>\n","protected":false},"author":1,"featured_media":29590,"comment_status":"closed","ping_status":"closed","sticky":false,"template":"","format":"standard","meta":{"footnotes":""},"categories":[7],"tags":[],"class_list":["post-29589","post","type-post","status-publish","format-standard","has-post-thumbnail","hentry","category-nacionales"],"_links":{"self":[{"href":"http:\/\/informateesquina.com\/index.php?rest_route=\/wp\/v2\/posts\/29589","targetHints":{"allow":["GET"]}}],"collection":[{"href":"http:\/\/informateesquina.com\/index.php?rest_route=\/wp\/v2\/posts"}],"about":[{"href":"http:\/\/informateesquina.com\/index.php?rest_route=\/wp\/v2\/types\/post"}],"author":[{"embeddable":true,"href":"http:\/\/informateesquina.com\/index.php?rest_route=\/wp\/v2\/users\/1"}],"replies":[{"embeddable":true,"href":"http:\/\/informateesquina.com\/index.php?rest_route=%2Fwp%2Fv2%2Fcomments&post=29589"}],"version-history":[{"count":0,"href":"http:\/\/informateesquina.com\/index.php?rest_route=\/wp\/v2\/posts\/29589\/revisions"}],"wp:featuredmedia":[{"embeddable":true,"href":"http:\/\/informateesquina.com\/index.php?rest_route=\/"}],"wp:attachment":[{"href":"http:\/\/informateesquina.com\/index.php?rest_route=%2Fwp%2Fv2%2Fmedia&parent=29589"}],"wp:term":[{"taxonomy":"category","embeddable":true,"href":"http:\/\/informateesquina.com\/index.php?rest_route=%2Fwp%2Fv2%2Fcategories&post=29589"},{"taxonomy":"post_tag","embeddable":true,"href":"http:\/\/informateesquina.com\/index.php?rest_route=%2Fwp%2Fv2%2Ftags&post=29589"}],"curies":[{"name":"wp","href":"https:\/\/api.w.org\/{rel}","templated":true}]}}