{"id":29602,"date":"2019-07-16T19:41:56","date_gmt":"2019-07-16T22:41:56","guid":{"rendered":"https:\/\/informateesquina.com\/?p=29602"},"modified":"2019-07-16T19:41:56","modified_gmt":"2019-07-16T22:41:56","slug":"todas-las-fotos-del-119o-aniversario-de-la-coronacion-de-la-virgen-de-itati","status":"publish","type":"post","link":"http:\/\/informateesquina.com\/?p=29602","title":{"rendered":"Todas las fotos del 119\u00ba aniversario de la coronaci\u00f3n de la Virgen de Itat\u00ed"},"content":{"rendered":"<div><b>Por la ma\u00f1ana se realiz\u00f3 encuentro entre la Virgen de Itat\u00ed y la Virgen de Caacup\u00e9, luego la procesi\u00f3n y Misa frente a la Bas\u00edlica.\u00a0<\/b><\/div>\n<div><\/div>\n<div>Miles de peregrinos participaron en Itat\u00ed de los festejos centrales por el aniversario de la coronaci\u00f3n pontificia de la Virgen.<\/div>\n<div><\/div>\n<div>Minutos despu\u00e9s de las 10 comenz\u00f3 la procesi\u00f3n desde la Bas\u00edlica hacia el r\u00edo, encabezado por los Cazadores Correntinos y la r\u00e9plica de la Sant\u00edsima Cruz de los Milagros, que fue tra\u00edda desde el santuario de la ciudad Capital, y la imagen peregrina de Mar\u00eda de Itat\u00ed portada por personal de la Prefectura Naval Argentina. Acompa\u00f1\u00f3 este momento la Banda de M\u00fasica de la Polic\u00eda de Corrientes.<\/div>\n<div><img loading=\"lazy\" decoding=\"async\" class=\"alignnone size-medium wp-image-29603\" src=\"https:\/\/informateesquina.com\/wp-content\/uploads\/2019\/07\/DASD-300x225.jpg\" alt=\"\" width=\"300\" height=\"225\" \/><\/div>\n<div><\/div>\n<div>\u00a0<img loading=\"lazy\" decoding=\"async\" class=\"alignnone size-medium wp-image-29605\" src=\"https:\/\/informateesquina.com\/wp-content\/uploads\/2019\/07\/DDDFDF-300x225.jpg\" alt=\"\" width=\"300\" height=\"225\" \/><\/div>\n<div><\/div>\n<div>Participaron monaguillos, di\u00e1conos, sacerdotes y el vicario general de la arquidi\u00f3cesis de Corrientes, padre Jos\u00e9 Billordo.<\/div>\n<div><\/div>\n<div>Luego de ser embarcada la imagen de la Virgen, en el guardacostas GC 170 de la Prefectura, parti\u00f3 la procesi\u00f3n n\u00e1utica surcando el r\u00edo Paran\u00e1 para el encuentro con la imagen de la Virgen de los Milagros de Caacup\u00e9, tra\u00edda por peregrinos de It\u00e1 Cor\u00e1, \u00d1eembuc\u00fa (Paraguay), celebraci\u00f3n que cumple 30 a\u00f1os, ya que comenz\u00f3 a realizarse en 1990 siendo rector del santuario el padre P\u00e1nfilo Ortega R\u00edos fdp.<\/div>\n<div><img loading=\"lazy\" decoding=\"async\" class=\"alignnone size-medium wp-image-29611\" src=\"https:\/\/informateesquina.com\/wp-content\/uploads\/2019\/07\/67311584_358537211497404_7579412826876280832_n-300x169.jpg\" alt=\"\" width=\"300\" height=\"169\" \/> <img loading=\"lazy\" decoding=\"async\" class=\"alignnone size-medium wp-image-29612\" src=\"https:\/\/informateesquina.com\/wp-content\/uploads\/2019\/07\/DSCN1580-300x169.jpg\" alt=\"\" width=\"300\" height=\"169\" \/> <img loading=\"lazy\" decoding=\"async\" class=\"alignnone size-medium wp-image-29613\" src=\"https:\/\/informateesquina.com\/wp-content\/uploads\/2019\/07\/DSCN1604-300x169.jpg\" alt=\"\" width=\"300\" height=\"169\" \/> <img loading=\"lazy\" decoding=\"async\" class=\"alignnone size-medium wp-image-29614\" src=\"https:\/\/informateesquina.com\/wp-content\/uploads\/2019\/07\/DSCN1655-300x169.jpg\" alt=\"\" width=\"300\" height=\"169\" \/><\/div>\n<div><\/div>\n<div>Despu\u00e9s de recorrer hasta el ex muelle, desembarcaron y se realiz\u00f3 la procesi\u00f3n hacia el atrio de la Bas\u00edlica donde se celebr\u00f3 la Misa central.<\/div>\n<div><\/div>\n<div>Entre las autoridades gubernamentales se encontraba el Vicegobernador de Corrientes, Gustavo Canteros, el Intendente de Itat\u00ed, Germ\u00e1n Fern\u00e1ndez, legisladores, ministros, intendentes de localidades peregrinas e invitados, representantes de las fuerzas de seguridad y el Vicegobernador de Tierra del Fuego, Juan Carlos Arcando.<\/div>\n<div><\/div>\n<div>Al finalizar la celebraci\u00f3n eucar\u00edstica un grupo de baile de Pilar (Paraguay) brind\u00f3 su homenaje a la Virgen con danzas t\u00edpicas del vecino pa\u00eds.<\/div>\n<div>FUENTE: NOTICIAS ITATE\u00d1AS<\/div>\n<div><img loading=\"lazy\" decoding=\"async\" class=\"alignnone size-medium wp-image-29604\" src=\"https:\/\/informateesquina.com\/wp-content\/uploads\/2019\/07\/DASDSDSD-300x225.jpg\" alt=\"\" width=\"300\" height=\"225\" \/><\/div>\n<div><img loading=\"lazy\" decoding=\"async\" class=\"alignnone size-medium wp-image-29606\" src=\"https:\/\/informateesquina.com\/wp-content\/uploads\/2019\/07\/DDFDF-300x225.jpg\" alt=\"\" width=\"300\" height=\"225\" \/> <img loading=\"lazy\" decoding=\"async\" class=\"alignnone size-medium wp-image-29607\" src=\"https:\/\/informateesquina.com\/wp-content\/uploads\/2019\/07\/DFDF-300x225.jpg\" alt=\"\" width=\"300\" height=\"225\" \/> <img loading=\"lazy\" decoding=\"async\" class=\"alignnone size-medium wp-image-29608\" src=\"https:\/\/informateesquina.com\/wp-content\/uploads\/2019\/07\/DSADASD-300x225.jpg\" alt=\"\" width=\"300\" height=\"225\" \/> <img loading=\"lazy\" decoding=\"async\" class=\"alignnone size-medium wp-image-29609\" src=\"https:\/\/informateesquina.com\/wp-content\/uploads\/2019\/07\/DSDSD-300x225.jpg\" alt=\"\" width=\"300\" height=\"225\" \/><\/div>\n","protected":false},"excerpt":{"rendered":"<p>Por la ma\u00f1ana se realiz\u00f3 encuentro entre la Virgen de Itat\u00ed y la Virgen de Caacup\u00e9, luego la procesi\u00f3n y Misa frente a la Bas\u00edlica.\u00a0 Miles de peregrinos participaron en Itat\u00ed de los festejos centrales por el aniversario de la coronaci\u00f3n pontificia de la Virgen. Minutos despu\u00e9s de las 10 comenz\u00f3 la procesi\u00f3n desde la [&hellip;]<\/p>\n","protected":false},"author":1,"featured_media":29608,"comment_status":"closed","ping_status":"closed","sticky":false,"template":"","format":"standard","meta":{"footnotes":""},"categories":[2,10,11],"tags":[136],"class_list":["post-29602","post","type-post","status-publish","format-standard","has-post-thumbnail","hentry","category-culturales","category-provinciales","category-sociedad","tag-destacados"],"_links":{"self":[{"href":"http:\/\/informateesquina.com\/index.php?rest_route=\/wp\/v2\/posts\/29602","targetHints":{"allow":["GET"]}}],"collection":[{"href":"http:\/\/informateesquina.com\/index.php?rest_route=\/wp\/v2\/posts"}],"about":[{"href":"http:\/\/informateesquina.com\/index.php?rest_route=\/wp\/v2\/types\/post"}],"author":[{"embeddable":true,"href":"http:\/\/informateesquina.com\/index.php?rest_route=\/wp\/v2\/users\/1"}],"replies":[{"embeddable":true,"href":"http:\/\/informateesquina.com\/index.php?rest_route=%2Fwp%2Fv2%2Fcomments&post=29602"}],"version-history":[{"count":0,"href":"http:\/\/informateesquina.com\/index.php?rest_route=\/wp\/v2\/posts\/29602\/revisions"}],"wp:featuredmedia":[{"embeddable":true,"href":"http:\/\/informateesquina.com\/index.php?rest_route=\/"}],"wp:attachment":[{"href":"http:\/\/informateesquina.com\/index.php?rest_route=%2Fwp%2Fv2%2Fmedia&parent=29602"}],"wp:term":[{"taxonomy":"category","embeddable":true,"href":"http:\/\/informateesquina.com\/index.php?rest_route=%2Fwp%2Fv2%2Fcategories&post=29602"},{"taxonomy":"post_tag","embeddable":true,"href":"http:\/\/informateesquina.com\/index.php?rest_route=%2Fwp%2Fv2%2Ftags&post=29602"}],"curies":[{"name":"wp","href":"https:\/\/api.w.org\/{rel}","templated":true}]}}