{"id":29616,"date":"2019-07-16T19:45:33","date_gmt":"2019-07-16T22:45:33","guid":{"rendered":"https:\/\/informateesquina.com\/?p=29616"},"modified":"2019-07-16T19:45:33","modified_gmt":"2019-07-16T22:45:33","slug":"el-paso-fronterizo-ayolas-ituzaingo-se-habilitara-el-23-de-julio","status":"publish","type":"post","link":"http:\/\/informateesquina.com\/?p=29616","title":{"rendered":"El paso fronterizo Ayolas-Ituzaing\u00f3 se habilitar\u00e1 el 23 de julio"},"content":{"rendered":"<article id=\"item\">\n<header class=\"wrapper\">Fuentes oficiales, aseguraron que el pr\u00f3ximo 23 se habilitar\u00e1 el paso fronterizo hist\u00f3rico para la regi\u00f3n. El pasado <span style=\"color: #666666; font-family: Roboto, sans-serif; font-size: 15px;\">4<\/span><span style=\"color: #666666; font-family: Roboto, sans-serif; font-size: 15px;\">\u00a0de julio\u00a0<\/span><span style=\"color: #666666; font-family: Roboto, sans-serif; font-size: 15px;\">Eduardo Burna<\/span><span style=\"color: #666666; font-family: Roboto, sans-serif; font-size: 15px;\">, intendente de la localidad correntina se\u00f1alaba que en un principio \u201cs\u00f3lo estar\u00e1 abierto de 9 a 19 horas\u201d y que \u201cse permitir\u00e1 la circulaci\u00f3n de veh\u00edculos de hasta 24 pasajeros, no se va a permitir el paso de peatones o motos\u201d. Adem\u00e1s, se espera una gran inauguraci\u00f3n con ambos presidentes de Argentina y Paraguay el pr\u00f3ximo 26.<\/span><\/p>\n<\/header>\n<p><main class=\"wrapper\"><\/p>\n<section class=\"body\">\n<section class=\"content\">\n<p class=\"bar floatFix\"><strong>Fuente: Radio Dos<\/strong><\/p>\n<p>&nbsp;<\/p>\n<div class=\"center large m_image\">\n<figure><img decoding=\"async\" class=\"large\" src=\"http:\/\/www.radiodos.com.ar\/content\/bucket\/9\/40389w720.jpg\" alt=\"burna.jpg\" \/><\/figure>\n<\/div>\n<div class=\"related\"><\/div>\n<\/section>\n<\/section>\n<p><\/main><\/article>\n<footer>\n<div class=\"wrapper\">\n<div class=\"fpanel redes floatFix\">\n<div class=\"right\"><\/div>\n<\/div>\n<\/div>\n<\/footer>\n","protected":false},"excerpt":{"rendered":"<p>Fuentes oficiales, aseguraron que el pr\u00f3ximo 23 se habilitar\u00e1 el paso fronterizo hist\u00f3rico para la regi\u00f3n. El pasado 4\u00a0de julio\u00a0Eduardo Burna, intendente de la localidad correntina se\u00f1alaba que en un principio \u201cs\u00f3lo estar\u00e1 abierto de 9 a 19 horas\u201d y que \u201cse permitir\u00e1 la circulaci\u00f3n de veh\u00edculos de hasta 24 pasajeros, no se va a [&hellip;]<\/p>\n","protected":false},"author":1,"featured_media":29617,"comment_status":"closed","ping_status":"closed","sticky":false,"template":"","format":"standard","meta":{"footnotes":""},"categories":[10,11],"tags":[],"class_list":["post-29616","post","type-post","status-publish","format-standard","has-post-thumbnail","hentry","category-provinciales","category-sociedad"],"_links":{"self":[{"href":"http:\/\/informateesquina.com\/index.php?rest_route=\/wp\/v2\/posts\/29616","targetHints":{"allow":["GET"]}}],"collection":[{"href":"http:\/\/informateesquina.com\/index.php?rest_route=\/wp\/v2\/posts"}],"about":[{"href":"http:\/\/informateesquina.com\/index.php?rest_route=\/wp\/v2\/types\/post"}],"author":[{"embeddable":true,"href":"http:\/\/informateesquina.com\/index.php?rest_route=\/wp\/v2\/users\/1"}],"replies":[{"embeddable":true,"href":"http:\/\/informateesquina.com\/index.php?rest_route=%2Fwp%2Fv2%2Fcomments&post=29616"}],"version-history":[{"count":0,"href":"http:\/\/informateesquina.com\/index.php?rest_route=\/wp\/v2\/posts\/29616\/revisions"}],"wp:featuredmedia":[{"embeddable":true,"href":"http:\/\/informateesquina.com\/index.php?rest_route=\/"}],"wp:attachment":[{"href":"http:\/\/informateesquina.com\/index.php?rest_route=%2Fwp%2Fv2%2Fmedia&parent=29616"}],"wp:term":[{"taxonomy":"category","embeddable":true,"href":"http:\/\/informateesquina.com\/index.php?rest_route=%2Fwp%2Fv2%2Fcategories&post=29616"},{"taxonomy":"post_tag","embeddable":true,"href":"http:\/\/informateesquina.com\/index.php?rest_route=%2Fwp%2Fv2%2Ftags&post=29616"}],"curies":[{"name":"wp","href":"https:\/\/api.w.org\/{rel}","templated":true}]}}