{"id":29619,"date":"2019-07-16T22:00:27","date_gmt":"2019-07-17T01:00:27","guid":{"rendered":"https:\/\/informateesquina.com\/?p=29619"},"modified":"2019-07-16T22:00:27","modified_gmt":"2019-07-17T01:00:27","slug":"se-le-cayo-un-poste-encima-en-los-festejos-por-el-dia-de-la-virgen","status":"publish","type":"post","link":"http:\/\/informateesquina.com\/?p=29619","title":{"rendered":"Se le cay\u00f3 un poste encima en los festejos por el D\u00eda de la Virgen"},"content":{"rendered":"<p class=\"copete\">El accidente ocurri\u00f3 en la la localidad de Itat\u00ed, en zona de la costanera. Un hombre que participaba de los festejos sufri\u00f3 distintas heridas luego de ca\u00e9rsele un poste encima. El hombre fue trasladado de urgencia al Hospital Escuela y fue dado de alta en las \u00faltimas horas.<\/p>\n<p>El hecho se produjo esta ma\u00f1ana en la localidad de Itat\u00ed, en pleno festejos por el 119 Aniversario de Coronaci\u00f3n Pontificia de la Virgen de Itat\u00ed. Un hombre de 55 a\u00f1os, identificado como Oscar Pereyra, sufri\u00f3 un fuerte golpe tras ca\u00e9rsele encima un poste.<\/p>\n<p>Todo se dio en zona de la costanera y debi\u00f3 ser r\u00e1pidamente asistido por personal de salud.<\/p>\n<p>Pereyra, oriundo de Buenos Aires, fue atendido en el hospital Escuela y dado de alta a las pocas horas.<\/p>\n<p>FUENTE: RADIO SUDAMERICANA<\/p>\n","protected":false},"excerpt":{"rendered":"<p>El accidente ocurri\u00f3 en la la localidad de Itat\u00ed, en zona de la costanera. Un hombre que participaba de los festejos sufri\u00f3 distintas heridas luego de ca\u00e9rsele un poste encima. El hombre fue trasladado de urgencia al Hospital Escuela y fue dado de alta en las \u00faltimas horas. El hecho se produjo esta ma\u00f1ana en [&hellip;]<\/p>\n","protected":false},"author":1,"featured_media":29620,"comment_status":"closed","ping_status":"closed","sticky":false,"template":"","format":"standard","meta":{"footnotes":""},"categories":[8],"tags":[136],"class_list":["post-29619","post","type-post","status-publish","format-standard","has-post-thumbnail","hentry","category-policiales","tag-destacados"],"_links":{"self":[{"href":"http:\/\/informateesquina.com\/index.php?rest_route=\/wp\/v2\/posts\/29619","targetHints":{"allow":["GET"]}}],"collection":[{"href":"http:\/\/informateesquina.com\/index.php?rest_route=\/wp\/v2\/posts"}],"about":[{"href":"http:\/\/informateesquina.com\/index.php?rest_route=\/wp\/v2\/types\/post"}],"author":[{"embeddable":true,"href":"http:\/\/informateesquina.com\/index.php?rest_route=\/wp\/v2\/users\/1"}],"replies":[{"embeddable":true,"href":"http:\/\/informateesquina.com\/index.php?rest_route=%2Fwp%2Fv2%2Fcomments&post=29619"}],"version-history":[{"count":0,"href":"http:\/\/informateesquina.com\/index.php?rest_route=\/wp\/v2\/posts\/29619\/revisions"}],"wp:featuredmedia":[{"embeddable":true,"href":"http:\/\/informateesquina.com\/index.php?rest_route=\/"}],"wp:attachment":[{"href":"http:\/\/informateesquina.com\/index.php?rest_route=%2Fwp%2Fv2%2Fmedia&parent=29619"}],"wp:term":[{"taxonomy":"category","embeddable":true,"href":"http:\/\/informateesquina.com\/index.php?rest_route=%2Fwp%2Fv2%2Fcategories&post=29619"},{"taxonomy":"post_tag","embeddable":true,"href":"http:\/\/informateesquina.com\/index.php?rest_route=%2Fwp%2Fv2%2Ftags&post=29619"}],"curies":[{"name":"wp","href":"https:\/\/api.w.org\/{rel}","templated":true}]}}